{"id":63679,"date":"2019-12-27T08:55:20","date_gmt":"2019-12-27T11:55:20","guid":{"rendered":"http:\/\/vinasfm.com\/noticias\/?p=63679"},"modified":"2019-12-30T07:55:10","modified_gmt":"2019-12-30T10:55:10","slug":"b-el-calden-un-hombre-se-quito-la-vida-en-el-fondo-de-su-vivienda","status":"publish","type":"post","link":"https:\/\/vinasfm.com\/noticias\/b-el-calden-un-hombre-se-quito-la-vida-en-el-fondo-de-su-vivienda\/","title":{"rendered":"B\u00b0 EL CALD\u00c9N: UN HOMBRE SE QUIT\u00d3 LA VIDA EN EL FONDO DE SU VIVIENDA"},"content":{"rendered":"<h4><strong>En la madrugada de este viernes un hombre se quit\u00f3 la vida en la parte trasera de su vivienda del Barrio El Cald\u00e9n.<\/strong><\/h4>\n<p>Seg\u00fan trascendi\u00f3 extraoficialmente, el hecho ocurri\u00f3 cerca de las <strong>01:30h<\/strong> de hoy cuando <strong>Bruno P\u00e1ez <\/strong>(<strong>35<\/strong>) decidi\u00f3 atentar contra su humanidad mediante ahorcamiento en el fondo de la propiedad en la que viv\u00eda ubicada en <strong>calle Pedro Molina<\/strong>.<\/p>\n<p>El cuerpo fue descendido por dos amigos que ingresaron y se encontraron con el lamentable panorama por lo que a posterior comunicaron lo acontecido al 911.<\/p>\n<p>La polic\u00eda y personal del nosocomio local arribaron hasta el lugar para realizar las medidas correspondientes.<\/p>\n<h5><em>F.B.<\/em><\/h5>\n","protected":false},"excerpt":{"rendered":"<p>En la madrugada de este viernes un hombre se quit\u00f3 la vida en la parte trasera de su vivienda del Barrio &#8230;<\/p>\n","protected":false},"author":8,"featured_media":63435,"comment_status":"open","ping_status":"open","sticky":false,"template":"","format":"standard","meta":{"footnotes":""},"categories":[5,4],"tags":[],"class_list":["post-63679","post","type-post","status-publish","format-standard","has-post-thumbnail","hentry","category-actualidad","category-policiales"],"_links":{"self":[{"href":"https:\/\/vinasfm.com\/noticias\/wp-json\/wp\/v2\/posts\/63679","targetHints":{"allow":["GET"]}}],"collection":[{"href":"https:\/\/vinasfm.com\/noticias\/wp-json\/wp\/v2\/posts"}],"about":[{"href":"https:\/\/vinasfm.com\/noticias\/wp-json\/wp\/v2\/types\/post"}],"author":[{"embeddable":true,"href":"https:\/\/vinasfm.com\/noticias\/wp-json\/wp\/v2\/users\/8"}],"replies":[{"embeddable":true,"href":"https:\/\/vinasfm.com\/noticias\/wp-json\/wp\/v2\/comments?post=63679"}],"version-history":[{"count":1,"href":"https:\/\/vinasfm.com\/noticias\/wp-json\/wp\/v2\/posts\/63679\/revisions"}],"predecessor-version":[{"id":63686,"href":"https:\/\/vinasfm.com\/noticias\/wp-json\/wp\/v2\/posts\/63679\/revisions\/63686"}],"wp:featuredmedia":[{"embeddable":true,"href":"https:\/\/vinasfm.com\/noticias\/wp-json\/wp\/v2\/media\/63435"}],"wp:attachment":[{"href":"https:\/\/vinasfm.com\/noticias\/wp-json\/wp\/v2\/media?parent=63679"}],"wp:term":[{"taxonomy":"category","embeddable":true,"href":"https:\/\/vinasfm.com\/noticias\/wp-json\/wp\/v2\/categories?post=63679"},{"taxonomy":"post_tag","embeddable":true,"href":"https:\/\/vinasfm.com\/noticias\/wp-json\/wp\/v2\/tags?post=63679"}],"curies":[{"name":"wp","href":"https:\/\/api.w.org\/{rel}","templated":true}]}}