{"id":63577,"date":"2019-12-24T06:01:07","date_gmt":"2019-12-24T09:01:07","guid":{"rendered":"http:\/\/vinasfm.com\/noticias\/?p=63577"},"modified":"2019-12-26T10:21:52","modified_gmt":"2019-12-26T13:21:52","slug":"mesa-adentro-o-afuera-asi-estara-el-tiempo-en-nochebuena","status":"publish","type":"post","link":"https:\/\/vinasfm.com\/noticias\/mesa-adentro-o-afuera-asi-estara-el-tiempo-en-nochebuena\/","title":{"rendered":"\u00bfMESA ADENTRO O AFUERA?: AS\u00cd ESTAR\u00c1 EL TIEMPO EN NOCHEBUENA"},"content":{"rendered":"<h5><strong>Lleg\u00f3 el 24 y las familias se reunir\u00e1n a celebrar la Nochebuena y esperar la Navidad. Muchos alvearenses retornan desde distintos puntos del pa\u00eds a nuestro terru\u00f1o para pasar una jornada cargada de buenos sentimientos. Pero parte de la expectativa de todos radica en c\u00f3mo estar\u00e1 el tiempo por eso te detallamos lo que brinda el reporte de Contingencias Clim\u00e1ticas.<\/strong><\/h5>\n<p>Contingencias anticipa un d\u00eda muy hostil, con altas temperaturas, viento Zonda y tormentas hacia la noche: \u201c<em>Muy caluroso con poca nubosidad, vientos del sector sur en el llano durante la tarde con fuertes r\u00e1fagas. Zonda en precordillera. Tormentas aisladas hacia la noche y siguiente madrugada al sur y este de la provincia\u201d<\/em>. Asimismo la pagina de la entidad pronostica una m\u00e1xima de 39\u00ba.<\/p>\n<p>Mientras que para ma\u00f1ana mi\u00e9rcoles 25 se aguarda una jornada: \u201c<em>Inestable en la ma\u00f1ana con cielo parcial nublado, mejoran las condiciones meteorol\u00f3gicas a partir de la tarde con descenso de la temperatura, ventoso en la ma\u00f1ana, vientos del sector sur. Ingreso de frente fr\u00edo. M\u00e1xima: 28\u00baC M\u00ednima: 21\u00baC<\/em>\u201d.<\/p>\n<h5><em>F.B. (F.M. Vi\u00f1as).<\/em><\/h5>\n","protected":false},"excerpt":{"rendered":"<p>Lleg\u00f3 el 24 y las familias se reunir\u00e1n a celebrar la Nochebuena y esperar la Navidad. Muchos alvearenses retornan desde distintos &#8230;<\/p>\n","protected":false},"author":8,"featured_media":63579,"comment_status":"open","ping_status":"open","sticky":false,"template":"","format":"standard","meta":{"footnotes":""},"categories":[1],"tags":[],"class_list":["post-63577","post","type-post","status-publish","format-standard","has-post-thumbnail","hentry","category-fmvinas"],"_links":{"self":[{"href":"https:\/\/vinasfm.com\/noticias\/wp-json\/wp\/v2\/posts\/63577","targetHints":{"allow":["GET"]}}],"collection":[{"href":"https:\/\/vinasfm.com\/noticias\/wp-json\/wp\/v2\/posts"}],"about":[{"href":"https:\/\/vinasfm.com\/noticias\/wp-json\/wp\/v2\/types\/post"}],"author":[{"embeddable":true,"href":"https:\/\/vinasfm.com\/noticias\/wp-json\/wp\/v2\/users\/8"}],"replies":[{"embeddable":true,"href":"https:\/\/vinasfm.com\/noticias\/wp-json\/wp\/v2\/comments?post=63577"}],"version-history":[{"count":1,"href":"https:\/\/vinasfm.com\/noticias\/wp-json\/wp\/v2\/posts\/63577\/revisions"}],"predecessor-version":[{"id":63581,"href":"https:\/\/vinasfm.com\/noticias\/wp-json\/wp\/v2\/posts\/63577\/revisions\/63581"}],"wp:featuredmedia":[{"embeddable":true,"href":"https:\/\/vinasfm.com\/noticias\/wp-json\/wp\/v2\/media\/63579"}],"wp:attachment":[{"href":"https:\/\/vinasfm.com\/noticias\/wp-json\/wp\/v2\/media?parent=63577"}],"wp:term":[{"taxonomy":"category","embeddable":true,"href":"https:\/\/vinasfm.com\/noticias\/wp-json\/wp\/v2\/categories?post=63577"},{"taxonomy":"post_tag","embeddable":true,"href":"https:\/\/vinasfm.com\/noticias\/wp-json\/wp\/v2\/tags?post=63577"}],"curies":[{"name":"wp","href":"https:\/\/api.w.org\/{rel}","templated":true}]}}