{"id":63564,"date":"2019-12-24T08:20:13","date_gmt":"2019-12-24T11:20:13","guid":{"rendered":"http:\/\/vinasfm.com\/noticias\/?p=63564"},"modified":"2019-12-26T10:19:53","modified_gmt":"2019-12-26T13:19:53","slug":"asi-reflejo-la-prensa-internacional-las-protestas-en-contra-de-la-modificacion-de-la-ley-7722","status":"publish","type":"post","link":"https:\/\/vinasfm.com\/noticias\/asi-reflejo-la-prensa-internacional-las-protestas-en-contra-de-la-modificacion-de-la-ley-7722\/","title":{"rendered":"AS\u00cd REFLEJ\u00d3 LA PRENSA INTERNACIONAL LAS PROTESTAS EN CONTRA DE LA MODIFICACI\u00d3N DE LA LEY 7722"},"content":{"rendered":"<h4><strong>El diario ingl\u00e9s The Guardian se hizo eco de las protestas en Mendoza contra la modificaci\u00f3n de la Ley 7722\u00a0<\/strong><strong>y\u00a0public\u00f3 esta tarde un art\u00edculo en el que describe la lucha de los ambientalistas tras\u00a0la modificaci\u00f3n a la ley aprobada en la Legislatura.<\/strong><\/h4>\n<p><img loading=\"lazy\" decoding=\"async\" class=\" wp-image-63568 aligncenter\" src=\"http:\/\/vinasfm.com\/noticias\/wp-content\/uploads\/2019\/12\/123-261x300.png\" alt=\"\" width=\"450\" height=\"517\" srcset=\"https:\/\/vinasfm.com\/noticias\/wp-content\/uploads\/2019\/12\/123-261x300.png 261w, https:\/\/vinasfm.com\/noticias\/wp-content\/uploads\/2019\/12\/123.png 469w\" sizes=\"auto, (max-width: 450px) 100vw, 450px\" \/><\/p>\n<p><strong>La nota, firmada por el periodista Uki Go\u00f1i, destaca que la vigencia de la 7722 mantuvo desde 2007 lejos del territorio provincial\u00a0<\/strong>a distintos proyectos extractivos intensivos. Sin embargo los cambios introducidos empujaron a las calles a miles de ciudadanos para manifestarse en la Casa de Gobierno.<\/p>\n<p><strong>El informe apunta contra el gobernador Rodolfo Su\u00e1rez como el generador de la bronca en los manifestantes al tras dar a conocer la cantidad de proyectos mineros que est\u00e1n en carpeta<\/strong>: \u00abSu\u00e1rez enfureci\u00f3 a\u00fan m\u00e1s a los manifestantes el domingo, cuando anunci\u00f3 19 proyectos de miner\u00eda de uranio, cobre, oro, plomo, plata, zinc y hierro\u00bb, se\u00f1ala.<\/p>\n<p><strong>As\u00ed mismo se menciona las declaraciones del secretario de Ambiente, Humberto Mingorance,<\/strong>\u00a0quien asegur\u00f3 hoy que la promulgaci\u00f3n de la Ley se har\u00e1 de un momento a otro: \u00abLa ley tiene consenso, Su\u00e1rez nunca ocult\u00f3 su promesa de generar miner\u00eda en Mendoza\u00bb, cita el portal.<\/p>\n<p><strong>Por su parte el medio brit\u00e1nico tambi\u00e9n hiso hincapi\u00e9 en la visi\u00f3n favorable que el presidente Alberto Fern\u00e1ndez tiene sobre la miner\u00eda<\/strong>: \u00abse ha pronunciado a favor de los proyectos mineros que, seg\u00fan \u00e9l, son vitales para la recuperaci\u00f3n de Argentina de su perenne malestar econ\u00f3mico\u00bb, relat\u00f3 Go\u00f1i en su art\u00edculo.<\/p>\n<p>El periodista cont\u00f3 tambi\u00e9n algunas posturas encontradas en el oficialismo nacional respecto al tema. Para ello cit\u00f3 el tuit de Pino Solanas que describi\u00f3 a las modificaciones de la ley como \u00abun retroceso ambie<\/p>\n<p><strong>En tanto la prensa espa\u00f1ola tambi\u00e9n relat\u00f3 lo que ocurre por estas horas en Mendoza. El diario El Pa\u00eds\u00a0<\/strong>describi\u00f3 en su sitio web el tenso momento que se vive por estos momentos en la provincia y detalla el origen del conflicto con la normativa modificada.ntal que pone en peligro el futuro de la regi\u00f3n\u00bb.<\/p>\n<p><img loading=\"lazy\" decoding=\"async\" class=\" wp-image-63566 aligncenter\" src=\"http:\/\/vinasfm.com\/noticias\/wp-content\/uploads\/2019\/12\/12-1-300x275.png\" alt=\"\" width=\"488\" height=\"447\" srcset=\"https:\/\/vinasfm.com\/noticias\/wp-content\/uploads\/2019\/12\/12-1-300x275.png 300w, https:\/\/vinasfm.com\/noticias\/wp-content\/uploads\/2019\/12\/12-1.png 633w\" sizes=\"auto, (max-width: 488px) 100vw, 488px\" \/><\/p>\n<p>Adem\u00e1s destaca<strong>\u00a0la resistencia de la sociedad a los cambios a partir de cat\u00e1strofes ambientales como las de Veladero, en San Juan<\/strong>. Por su parte remarca la confluencia de intereses entre el gobernador<strong>\u00a0Rodolfo Su\u00e1rez y el presidente Alberto Fern\u00e1ndez<\/strong>, a pesar de ser de signos pol\u00edticos diferentes.<\/p>\n<h5><em>Fuente: Los Andes. \/ F.B.<\/em><\/h5>\n","protected":false},"excerpt":{"rendered":"<p>El diario ingl\u00e9s The Guardian se hizo eco de las protestas en Mendoza contra la modificaci\u00f3n de la Ley 7722\u00a0y\u00a0public\u00f3 esta &#8230;<\/p>\n","protected":false},"author":8,"featured_media":63569,"comment_status":"open","ping_status":"open","sticky":false,"template":"","format":"standard","meta":{"footnotes":""},"categories":[5,49,57],"tags":[],"class_list":["post-63564","post","type-post","status-publish","format-standard","has-post-thumbnail","hentry","category-actualidad","category-internacional","category-ley-7722"],"_links":{"self":[{"href":"https:\/\/vinasfm.com\/noticias\/wp-json\/wp\/v2\/posts\/63564","targetHints":{"allow":["GET"]}}],"collection":[{"href":"https:\/\/vinasfm.com\/noticias\/wp-json\/wp\/v2\/posts"}],"about":[{"href":"https:\/\/vinasfm.com\/noticias\/wp-json\/wp\/v2\/types\/post"}],"author":[{"embeddable":true,"href":"https:\/\/vinasfm.com\/noticias\/wp-json\/wp\/v2\/users\/8"}],"replies":[{"embeddable":true,"href":"https:\/\/vinasfm.com\/noticias\/wp-json\/wp\/v2\/comments?post=63564"}],"version-history":[{"count":1,"href":"https:\/\/vinasfm.com\/noticias\/wp-json\/wp\/v2\/posts\/63564\/revisions"}],"predecessor-version":[{"id":63572,"href":"https:\/\/vinasfm.com\/noticias\/wp-json\/wp\/v2\/posts\/63564\/revisions\/63572"}],"wp:featuredmedia":[{"embeddable":true,"href":"https:\/\/vinasfm.com\/noticias\/wp-json\/wp\/v2\/media\/63569"}],"wp:attachment":[{"href":"https:\/\/vinasfm.com\/noticias\/wp-json\/wp\/v2\/media?parent=63564"}],"wp:term":[{"taxonomy":"category","embeddable":true,"href":"https:\/\/vinasfm.com\/noticias\/wp-json\/wp\/v2\/categories?post=63564"},{"taxonomy":"post_tag","embeddable":true,"href":"https:\/\/vinasfm.com\/noticias\/wp-json\/wp\/v2\/tags?post=63564"}],"curies":[{"name":"wp","href":"https:\/\/api.w.org\/{rel}","templated":true}]}}