{"id":63493,"date":"2019-12-23T07:27:47","date_gmt":"2019-12-23T10:27:47","guid":{"rendered":"http:\/\/vinasfm.com\/noticias\/?p=63493"},"modified":"2019-12-23T10:22:11","modified_gmt":"2019-12-23T13:22:11","slug":"masiva-marcha-hacia-la-casa-de-gobierno-para-exigir-la-anulacion-de-las-reformas-que-sufrio-la-7722","status":"publish","type":"post","link":"https:\/\/vinasfm.com\/noticias\/masiva-marcha-hacia-la-casa-de-gobierno-para-exigir-la-anulacion-de-las-reformas-que-sufrio-la-7722\/","title":{"rendered":"MASIVA MARCHA HACIA LA CASA DE GOBIERNO PARA EXIGIR LA ANULACI\u00d3N DE LAS REFORMAS QUE SUFRI\u00d3 LA 7722"},"content":{"rendered":"<h4><strong>Miles de personas marcharon este domingo en distintas localidades de\u00a0Mendoza\u00a0en contra de la reciente modificaci\u00f3n de una ley que prohib\u00eda desde 2007 el uso de sustancias t\u00f3xicas en la miner\u00eda.<\/strong><\/h4>\n<p>Vecinos, productores locales y ambientalistas iniciaron este domingo por la ma\u00f1ana la protesta en la localidad de San Carlos, perteneciente al Valle de Uco, a unos 100 kil\u00f3metros de la capital provincial. Con el objetivo de llegar hoy a la casa de gobierno local, los manifestantes exigen que el gobernador radical\u00a0<b>Rodolfo Su\u00e1rez<\/b>\u00a0evite promulgar la modificaci\u00f3n de la ley 7722, impulsada por \u00e9l y aprobada el viernes en un tr\u00e1mite expr\u00e9s con el apoyo del peronismo.<\/p>\n<p><img loading=\"lazy\" decoding=\"async\" class=\"size-medium wp-image-63496 aligncenter\" src=\"http:\/\/vinasfm.com\/noticias\/wp-content\/uploads\/2019\/12\/Screenshot_20191223-023133-233x300.png\" alt=\"\" width=\"233\" height=\"300\" srcset=\"https:\/\/vinasfm.com\/noticias\/wp-content\/uploads\/2019\/12\/Screenshot_20191223-023133-233x300.png 233w, https:\/\/vinasfm.com\/noticias\/wp-content\/uploads\/2019\/12\/Screenshot_20191223-023133.png 660w\" sizes=\"auto, (max-width: 233px) 100vw, 233px\" \/><\/p>\n<p>La norma habilita el uso de sustancias como el cianuro, y el \u00e1cido sulf\u00farico (solo limita el mercurio) que, seg\u00fan ambientalistas, provocar\u00e1 la contaminaci\u00f3n del agua en la provincia. La miner\u00eda metal\u00edfera, agregan, demanda grandes cantidades de agua, un recurso vital y escaso en la regi\u00f3n.<\/p>\n<p>Pese a que el impulso del debate cont\u00f3 con\u00a0<a class=\"link\" href=\"https:\/\/www.lanacion.com.ar\/politica\/en-san-juan-fernandez-hizo-una-fuerte-defensa-de-la-mineria-nid2293244\">el aval del presidente<\/a>\u00a0<b>Alberto Fern\u00e1ndez<\/b>, la votaci\u00f3n provoc\u00f3 grietas dentro del peronismo. El presidente del Partido Justicialista de la provincia,\u00a0<b>Guillermo Carmona<\/b>, por ejemplo, se hizo eco de las manifestaciones y le pidi\u00f3 al gobernador que no promulgue la ley. \u00abAnte la amplia y creciente expresi\u00f3n popular en contra de la sanci\u00f3n de la reforma de la ley 7722 por usted impulsada, le solicito gobernador Su\u00e1rez que la misma no sea promulgada\u00bb, escribi\u00f3\u00a0<b>Carmona<\/b>\u00a0en Twitter.<\/p>\n<p>M\u00e1s tarde, el dirigente difundi\u00f3 un comunicado para aclarar que su postura fue personal y que no era atribuible a todo el espacio.<\/p>\n<p>Los activistas de la marcha, que se inici\u00f3 en uno de los bastiones hist\u00f3ricos de resistencia a la miner\u00eda y defensa del agua de Mendoza, tienen previsto llegar esta ma\u00f1ana a la Casa de Gobierno. Entre ellos estar\u00e1 el exintendente de San Carlos y actual diputado provincial\u00a0<b>Jorge Difonso<\/b>, quien confirm\u00f3 que esa comuna ir\u00e1 a la Justicia para pedir la inconstitucionalidad de las modificaciones que se le realizaron a la ley.<\/p>\n<div style=\"width: 640px;\" class=\"wp-video\"><video class=\"wp-video-shortcode\" id=\"video-63493-1\" width=\"640\" height=\"352\" preload=\"metadata\" controls=\"controls\"><source type=\"video\/mp4\" src=\"http:\/\/vinasfm.com\/noticias\/wp-content\/uploads\/2019\/12\/VID-20191222-WA0015.mp4?_=1\" \/><a href=\"http:\/\/vinasfm.com\/noticias\/wp-content\/uploads\/2019\/12\/VID-20191222-WA0015.mp4\">http:\/\/vinasfm.com\/noticias\/wp-content\/uploads\/2019\/12\/VID-20191222-WA0015.mp4<\/a><\/video><\/div>\n<p>&nbsp;<\/p>\n<p>El clima tenso alrededor de la iniciativa no comenz\u00f3 este domingo, sino que ya se hizo notar la semana pasada, mientras se acercaba el momento de la votaci\u00f3n. Hubo cortes de ruta en toda la provincia.<\/p>\n<div id=\"modalOverlay\">\n<p>Sin embargo, el viernes el proyecto obtuvo en el Senado 29 votos a favor y 7 en contra, y en Diputados 36 apoyos y 11 rechazos.<\/p>\n<p>El proyecto original presentado por el gobierno provincial cont\u00f3 con la incorporaci\u00f3n de modificaciones pedidas por el\u00a0<b>Partido Justicialista.<\/b><\/p>\n<p>Durante las protestas que comenzaron la semana pasada se difundi\u00f3 el celular de Su\u00e1rez en las redes sociales, lo que provoc\u00f3 que el funcionario recibiera amenazas. Hasta ahora ya hubo cuatro detenidos, seg\u00fan fuentes judiciales.<\/p>\n<p>Pasada la medianoche los manifestantes llegaron a Luj\u00e1n de Cuyo. Tienen previsto dormir en la ruta nacional 40 y ma\u00f1ana continuar hacia la capital de Mendoza.<\/p>\n<p>F.B.<\/p>\n<\/div>\n<figure id=\"figure_3164821\" class=\"L epigrafe\" data-is=\"imagen\"><picture><source srcset=\"\/\/bucket1.glanacion.com\/anexos\/fotos\/21\/3164821w740.jpg\" media=\"(min-width: 768px)\" \/><source srcset=\"\/\/bucket1.glanacion.com\/anexos\/fotos\/21\/3164821w768.jpg\" media=\"(min-width: 380px)\" \/><\/picture><\/figure>\n","protected":false},"excerpt":{"rendered":"<p>Miles de personas marcharon este domingo en distintas localidades de\u00a0Mendoza\u00a0en contra de la reciente modificaci\u00f3n de una ley que prohib\u00eda desde &#8230;<\/p>\n","protected":false},"author":8,"featured_media":63494,"comment_status":"open","ping_status":"open","sticky":false,"template":"","format":"standard","meta":{"footnotes":""},"categories":[5,57],"tags":[],"class_list":["post-63493","post","type-post","status-publish","format-standard","has-post-thumbnail","hentry","category-actualidad","category-ley-7722"],"_links":{"self":[{"href":"https:\/\/vinasfm.com\/noticias\/wp-json\/wp\/v2\/posts\/63493","targetHints":{"allow":["GET"]}}],"collection":[{"href":"https:\/\/vinasfm.com\/noticias\/wp-json\/wp\/v2\/posts"}],"about":[{"href":"https:\/\/vinasfm.com\/noticias\/wp-json\/wp\/v2\/types\/post"}],"author":[{"embeddable":true,"href":"https:\/\/vinasfm.com\/noticias\/wp-json\/wp\/v2\/users\/8"}],"replies":[{"embeddable":true,"href":"https:\/\/vinasfm.com\/noticias\/wp-json\/wp\/v2\/comments?post=63493"}],"version-history":[{"count":2,"href":"https:\/\/vinasfm.com\/noticias\/wp-json\/wp\/v2\/posts\/63493\/revisions"}],"predecessor-version":[{"id":63501,"href":"https:\/\/vinasfm.com\/noticias\/wp-json\/wp\/v2\/posts\/63493\/revisions\/63501"}],"wp:featuredmedia":[{"embeddable":true,"href":"https:\/\/vinasfm.com\/noticias\/wp-json\/wp\/v2\/media\/63494"}],"wp:attachment":[{"href":"https:\/\/vinasfm.com\/noticias\/wp-json\/wp\/v2\/media?parent=63493"}],"wp:term":[{"taxonomy":"category","embeddable":true,"href":"https:\/\/vinasfm.com\/noticias\/wp-json\/wp\/v2\/categories?post=63493"},{"taxonomy":"post_tag","embeddable":true,"href":"https:\/\/vinasfm.com\/noticias\/wp-json\/wp\/v2\/tags?post=63493"}],"curies":[{"name":"wp","href":"https:\/\/api.w.org\/{rel}","templated":true}]}}