{"id":63481,"date":"2019-12-23T09:51:36","date_gmt":"2019-12-23T12:51:36","guid":{"rendered":"http:\/\/vinasfm.com\/noticias\/?p=63481"},"modified":"2019-12-23T10:18:39","modified_gmt":"2019-12-23T13:18:39","slug":"a-capa-y-espada-las-intervenciones-de-vinolo-arriaga-y-majstruk-defendiendo-la-7722","status":"publish","type":"post","link":"https:\/\/vinasfm.com\/noticias\/a-capa-y-espada-las-intervenciones-de-vinolo-arriaga-y-majstruk-defendiendo-la-7722\/","title":{"rendered":"A CAPA Y ESPADA: LAS INTERVENCIONES DE VI\u00d1OLO, ARRIAGA Y MAJSTRUK  DEFENDIENDO LA 7722"},"content":{"rendered":"<h4><strong>Con un tratamiento sumamente express, este viernes las C\u00e1maras de Senadores y Diputados aprobaron el proyecto de modificaci\u00f3n de la Ley 7722. Dos sesiones marat\u00f3nicas que ignorando el clima social que se viv\u00eda en todos los puntos de la provincia le dieron luz verde a la mega miner\u00eda contaminante. <\/strong><\/h4>\n<p>En ambos cuerpos legislativos nuestros representantes alvearenses, <strong>Leonardo Vi\u00f1olo<\/strong> (<strong><em>Senador<\/em><\/strong>), \u00a0<strong>Maricel Arriaga<\/strong> y <strong>Gustavo Majstruk<\/strong> (<strong><em>Diputados<\/em><\/strong>) estuvieron a la altura de las circunstancias y <strong>votaron en contra<\/strong> del proyecto presentado por el Gobernador Suarez.<\/p>\n<p>Si bien, se vaticinaba que el proyecto ser\u00eda aprobado apenas fue presentado por el Ejecutivo provincial, el senador alvearense por el 4\u00ba distrito <strong>Leonardo Vi\u00f1olo (UCR-FCM) form\u00f3 parte de los 7 legisladores que en Senadores optaron por defender la 7722<\/strong> contra las 28 senadores que le con sus votos permitieron que el proyecto cursara a Diputados.<\/p>\n<h5><strong>LEONARDO VI\u00d1OLO:<\/strong> \u201c<strong><em>Una cosa es querer ampliar la matriz productiva y otra es descuidar lo que ten\u00edamos como matriz productiva\u201d.<\/em><\/strong><\/h5>\n<p>\u201c<strong><em>El mismo pueblo fue quien la escribi\u00f3<\/em><\/strong><em>, tanto en el Oasis Sur como los vecinos del Valle de Uco junto con cient\u00edficos y profesionales en la materia consensuando la creaci\u00f3n de la 7722 y que <strong>con el tiempo logr\u00f3 su constitucionalidad<\/strong><\/em>\u201d, inici\u00f3 Vi\u00f1olo.<\/p>\n<p>Respecto a las intervenciones del resto de los miembros de la C\u00e1mara, el ex Consejero de Vialidad Provincial apunt\u00f3: <em>\u201c<strong>Escuchaba a senadores preopinantes y me preocupa porque tenemos un gran problema de criterio si pensamos que el \u00e1cido sulf\u00farico y el cianuro cambiaron su composici\u00f3n qu\u00edmica<\/strong> y eso es grave de o\u00edr o si creemos que han salido biodegradables. Algunos normalizan estos qu\u00edmicos de tal manera que aparentemente van a hacer un estudio bromatol\u00f3gico para ver si incorporamos el \u00e1cido sulf\u00farico a la cadena alimenticia\u201d.<\/em><\/p>\n<p>Siguiendo la misma l\u00ednea, expres\u00f3: <em>\u201cTenemos un punto de vista opuesto quienes vivimos en el Oasis Sur. <strong>Una cosa es querer ampliar la matriz productiva y otra es descuidar lo que ten\u00edamos como matriz productiva<\/strong> y consideramos que es la agricultura, ganader\u00eda, horticultura y vitivinicultura, entre otras. Por qu\u00e9 no pensar en tecnificar los sistemas de riego y optimizar los recursos e invertir en nuestra producci\u00f3n y blindarlo de las inclemencias clim\u00e1ticas. <strong>Hablamos de puestos de trabajo pero seamos responsables que se crea por un lado y se pierden por otro como en el sector agr\u00edcola<\/strong>\u201d.<\/em><\/p>\n<p><em>\u201c<strong>Rechazo totalmente este proyecto por eso estaremos acompa\u00f1ando a los pueblos llevando esto a la Suprema de Corte de Justicia<\/strong>\u201d, <\/em>cerr\u00f3 su intervenci\u00f3n Leonardo Vi\u00f1olo.<\/p>\n<p>Alrededor de las 14:00h, estaba previsto el inicio de Sesi\u00f3n en la C\u00e1mara de Diputados casi asegurando el resultado en C\u00e1mara de Origen por lo que el debate fue escueto considerando el n\u00famero de miembros y las exposiciones dejaron ver la posici\u00f3n de cada uno. Con<strong> 36 votos positivos y 11 negativos, la C\u00e1mara Baja aprob\u00f3 definitivamente las modificaciones.<\/strong><\/p>\n<p><strong>Con\u00a0<\/strong>argumentos similares a los senadores, los diputados a favor\u00a0<strong>hablaron de la miner\u00eda contaminante para el crecimiento de la provincia y por parte de los defensores de la Ley 7722 <\/strong>se revaloriz\u00f3<strong>\u00a0<\/strong><strong>la importancia del agua, la emergencia h\u00eddrica que atraviesa la provincia y la importancia de la Ley para el futuro de Mendoza.<\/strong><\/p>\n<h5><strong>MARICEL ARRIAGA: \u201c<em>Es parte de la historia y cultura de los alvearenses y por eso, en su nombre, rechazo las modificaciones<\/em>\u201d.<\/strong><\/h5>\n<p>La <strong>Diputada Maricel Arriaga<\/strong> (<strong>UCR-FCM<\/strong>) dispar\u00f3 tempranamente en su firme intervenci\u00f3n y sin rodeos comenz\u00f3: \u201c<strong><em>Expreso y adelanto mi voto negativo con respecto al proyecto que pretende modificar la Ley 7722<\/em><\/strong>\u201d y destacando sint\u00e9ticamente la historia de la \u201c<em>ley del pueblo<\/em>\u201d continu\u00f3: \u201c<strong><em>Esta ley ha sido un verdadero logro del pueblo desde el momento en que se gest\u00f3 en las calles hasta que fue sancionada en el 2007<\/em><em>. <\/em><em>Esta banca y mi voto es de verdadera convicci\u00f3n y principios que representa la voluntad popular de m\u00e1s de 49.000 alvearenses y del Intendente Walther Marcolini y su equipo que dicen NO A LA MODIFICACI\u00d3N DE LA 7722<\/em><\/strong>\u201d.<\/p>\n<p>\u201c<strong><em>Esta ley <\/em><\/strong><em><strong>tiene su monumento propio<\/strong> en<\/em><em> General Alvear, <strong>en <\/strong><\/em><strong><em>Ruta 188<\/em><\/strong><em>, a la cual se le rinde<\/em> <em>homenaje cada <\/em><em>20 de junio<\/em><em> en la fecha de su aniversario porque <\/em><em>es parte de nuestra historia y <strong>as\u00ed elegimos vivir<\/strong><\/em><em>, <\/em><strong><em>porque somos hijos de aquellos que supieron escribirla<\/em><em> y <\/em><em>la defendemos<\/em><em> por eso <\/em><em>en nombre de todo el pueblo alvearense rechazo las modificaciones de la 7722<\/em><\/strong><em>\u201d, <\/em>concluy\u00f3 Arriaga.<\/p>\n<h5><strong>GUSTAVO MAJSTRUK: \u201c<em>La \u00a0fundamentaci\u00f3n cient\u00edfica est\u00e1 a favor de la ley 7722 mientras que la fundamentaci\u00f3n econ\u00f3mica inexplicable est\u00e1 del lado de la modificaci\u00f3n\u201d. <\/em><\/strong><\/h5>\n<p>Por su parte, el <strong>Diputado Gustavo Majstruk<\/strong> (<strong>PJ<\/strong>), quien ya hab\u00eda fijado su posici\u00f3n desde que se conocieron los embates que sufrir\u00eda la ley que regulaba y controlaba la miner\u00eda, responsabiliz\u00f3 al Gobernador Rodolfo Suarez \u201c<em><strong>por cualquier tipo de represi\u00f3n<\/strong> porque me acaban de avisar que en uno de los cortes que se est\u00e1 realizando en Bowen enviar\u00e1n a Infanter\u00eda por lo que ser\u00eda lamentable que arremetan contra los chacareros y gente de bien que est\u00e1 all\u00ed\u201d.<\/em><\/p>\n<p><em>\u201c<\/em><strong><em>Es tristemente hist\u00f3rico este d\u00eda<\/em><\/strong><em>. En comisiones <strong>hemos escuchado tantas cosas acerca de utilizar eufemismos para llamar a combinaciones qu\u00edmicas como el cianuro<\/strong> a tal punto de decir que se usa en las casas para la limpieza y no tiene ni siquiera comparaci\u00f3n\u201d, <\/em>enfatiz\u00f3 sobre la tergiversaci\u00f3n que han dado al informar diversos medios de comunicaci\u00f3n afinados con la modificaci\u00f3n y el hermetismo medi\u00e1tico en torno al tema; y en la misma l\u00ednea manifest\u00f3: <em>\u201c<\/em><strong><em>Las entidades cient\u00edficas se han expresado en contra de la modificaci\u00f3n y no a favor <\/em><em>y es lamentable ver que <\/em><em>los \u00fanicos fundamentos de esta modificaci\u00f3n son econ\u00f3micos y un poco atados con alambres porque no pueden dar n\u00fameros concretos<\/em><\/strong><em>\u201d.<\/em><\/p>\n<p>Mientras la sesi\u00f3n avanzaba en el nudo vial de la Ciudad de Mendoza se desarrollaba un importante corte al igual que distintos lugares del interior provincial como Alvear, el Valle de Uco y San Rafael. La Casa de la Leyes estaba cerrada y vallada: \u201c<em><strong>Estamos legislando encerrados mientras que los accesos est\u00e1n cortados, no por piqueteros, sino por gente del agro, comerciantes, gente que defiende el agua<\/strong>\u201d. <\/em><\/p>\n<p>Haciendo continuidad de su alocuci\u00f3n no comparti\u00f3 la actitud del gobernador en el marco de la pol\u00e9mica por la modificaci\u00f3n: <em>\u201cHe escuchado que estar a favor de esto tiene que ver con reivindicar la pol\u00edtica pero <strong>me parece que esta cuesti\u00f3n adoptada por el gobierno es casi tutelar y mon\u00e1rquica donde creen que por haber ganado las elecciones \u00a0poseen todo el poder<\/strong> y estamos en otro tiempo de la historia donde no se da un cheque en blanco a quien haya ganado. <strong>Como los votaron es v\u00e1lido todo lo que dicen escuchaba por all\u00ed<\/strong>\u201d, <\/em>apunt\u00f3 el Diputado justicialista.<\/p>\n<p>Y destruyendo la fachada impuesta sobre el tratamiento de la ley, agreg\u00f3: \u201c<em>Me llama la atenci\u00f3n la fecha en la que se est\u00e1 tratando: d\u00edas antes de navidad cuando la gente est\u00e1 con muchos problemas por eso lo quisieron debatir ahora. <\/em><strong><em>No aceptaron consultas populares ni encuestas sobre qu\u00e9 opina la gente realmente. Es lamentable<\/em><\/strong><em>\u201d.<\/em><\/p>\n<p>Al expresarse sobre la entidad que regular\u00eda la actividad, confes\u00f3: \u201c<strong><em>Yo tambi\u00e9n quisiera creer en los controles del estado pero me cuesta<\/em><\/strong><em> porque con la resoluci\u00f3n 087\/17, <strong>este <\/strong><\/em><strong><em>Departamento General de Irrigaci\u00f3n<\/em><\/strong><em>, cuando se habilito el fracking, <\/em><strong><em>entreg\u00f3 agua de manera retroactiva<\/em><\/strong><em>. El que no es productor y no riega quiz\u00e1 no entienda muy bien y <\/em><em>esto tiene car\u00e1cter penal<\/em><em> sino preg\u00fantele a un chacarero si abre la compuerta antes de hora que le dice el turno, los problemas que puede llegar a tener. Les abrieron la compuerta del Atuel y el Diamante pero fuero a pagar despu\u00e9s con tal al estar arriba no la mide nadie y dijeron que fue suficiente agua sin dar datos certeros por lo que inaceptable<\/em>\u201d.<\/p>\n<p>Como consecuencia a la inminenete implementaci\u00f3n de t\u00f3xicos en la extracci\u00f3n ejemplific\u00f3 \u201c<em><strong>En San Juan quedaron 5 r\u00edos contaminados por la Barrick Gold y eso que contaban con controles<\/strong>. \u00a0Hablan de empleo: 2000 puesto de empleo por dos a\u00f1os con el fracking y no llegaron a 50 por eso creo que esta modificaci\u00f3n a la ley 7722 no es progresiva en nada, es regresiva<\/em>\u201d.<\/p>\n<p>Finalmente concluy\u00f3: \u201c<em><strong>D\u00e9jenme decirles a todos, que lamentablemente, el agua de Mendoza ya se negoci\u00f3<\/strong>\u201d.<\/em><\/p>\n<h6><em>\u2022Fernando Burett (F.M. Vi\u00f1as).<\/em><\/h6>\n","protected":false},"excerpt":{"rendered":"<p>Con un tratamiento sumamente express, este viernes las C\u00e1maras de Senadores y Diputados aprobaron el proyecto de modificaci\u00f3n de la Ley &#8230;<\/p>\n","protected":false},"author":8,"featured_media":63482,"comment_status":"open","ping_status":"open","sticky":false,"template":"","format":"standard","meta":{"footnotes":""},"categories":[5,57,7],"tags":[],"class_list":["post-63481","post","type-post","status-publish","format-standard","has-post-thumbnail","hentry","category-actualidad","category-ley-7722","category-politica"],"_links":{"self":[{"href":"https:\/\/vinasfm.com\/noticias\/wp-json\/wp\/v2\/posts\/63481","targetHints":{"allow":["GET"]}}],"collection":[{"href":"https:\/\/vinasfm.com\/noticias\/wp-json\/wp\/v2\/posts"}],"about":[{"href":"https:\/\/vinasfm.com\/noticias\/wp-json\/wp\/v2\/types\/post"}],"author":[{"embeddable":true,"href":"https:\/\/vinasfm.com\/noticias\/wp-json\/wp\/v2\/users\/8"}],"replies":[{"embeddable":true,"href":"https:\/\/vinasfm.com\/noticias\/wp-json\/wp\/v2\/comments?post=63481"}],"version-history":[{"count":1,"href":"https:\/\/vinasfm.com\/noticias\/wp-json\/wp\/v2\/posts\/63481\/revisions"}],"predecessor-version":[{"id":63486,"href":"https:\/\/vinasfm.com\/noticias\/wp-json\/wp\/v2\/posts\/63481\/revisions\/63486"}],"wp:featuredmedia":[{"embeddable":true,"href":"https:\/\/vinasfm.com\/noticias\/wp-json\/wp\/v2\/media\/63482"}],"wp:attachment":[{"href":"https:\/\/vinasfm.com\/noticias\/wp-json\/wp\/v2\/media?parent=63481"}],"wp:term":[{"taxonomy":"category","embeddable":true,"href":"https:\/\/vinasfm.com\/noticias\/wp-json\/wp\/v2\/categories?post=63481"},{"taxonomy":"post_tag","embeddable":true,"href":"https:\/\/vinasfm.com\/noticias\/wp-json\/wp\/v2\/tags?post=63481"}],"curies":[{"name":"wp","href":"https:\/\/api.w.org\/{rel}","templated":true}]}}