{"id":63465,"date":"2019-12-21T09:38:16","date_gmt":"2019-12-21T12:38:16","guid":{"rendered":"http:\/\/vinasfm.com\/noticias\/?p=63465"},"modified":"2019-12-23T10:22:56","modified_gmt":"2019-12-23T13:22:56","slug":"la-policia-vial-municipal-recibio-5-movilidades-nuevas","status":"publish","type":"post","link":"https:\/\/vinasfm.com\/noticias\/la-policia-vial-municipal-recibio-5-movilidades-nuevas\/","title":{"rendered":"LA POLIC\u00cdA VIAL MUNICIPAL RECIBI\u00d3 5 MOVILIDADES NUEVAS"},"content":{"rendered":"<h4><strong>En la ma\u00f1ana de este viernes, la Polic\u00eda Vial Municipal recibi\u00f3 5 unidades 0 Km que van a ser utilizadas en las labores propias de la entidad. Sin dudas una importante adquisici\u00f3n que permitir\u00e1 controles y tareas preventivas m\u00e1s efectivas.<\/strong><\/h4>\n<p>Se trata de <strong>5 motocicletas marca Motomel 150cc<\/strong> que llegaron desde Mendoza Capital luego de una intensa gesti\u00f3n a trav\u00e9s de Desarrollo Social: \u201c<strong><em>Van a pasar a ser parte de la Polic\u00eda Vial Municipal<\/em><\/strong><em>. Las est\u00e1bamos necesitando y luego de una demora <strong>est\u00e1n ac\u00e1 listas para ser utilizadas en esta labor<\/strong><\/em>\u201d, expres\u00f3 <strong>Jos\u00e9 Vilches<\/strong>, <strong>Secretario de Gobierno<\/strong>.<\/p>\n<p>\u201c<em>Esto ser\u00e1 una herramienta m\u00e1s que \u00fatil para que nuestros polic\u00edas est\u00e9n de forma m\u00e1s r\u00e1pida en los controles y lugares donde tengan que prevenir, siempre acompa\u00f1ando a los alvearenses. Este objetivo poco a poco lo vamos alcanzando<\/em>\u201d, agreg\u00f3 el Secretario y asegur\u00f3 que \u201c<em>en los pr\u00f3ximos d\u00edas <strong>se va a contar con una camioneta <\/strong>para el traslado de personal, conos y otras herramientas. Adem\u00e1s <strong>se los equipar\u00e1 con los elementos comunicacionales como radios para cada efectivo<\/strong><\/em>\u201d.<\/p>\n<p>En la misma l\u00ednea, Vilches evalu\u00f3 el trabajo del grupo desde su puesta en funcionamiento: \u201c<em>Estamos satisfechos del trabajo que cada uno est\u00e1 realizando en diferentes puntos y es lo que nos exige como Estado<\/em>. <em>Ahora prepar\u00e1ndose para las fiestas de fin de a\u00f1o sum\u00e1ndonos a la campa\u00f1a de prevenci\u00f3n de venta y consumo de alcohol como parte esencial del objetivo de esta fuerza policial\u201d.<\/em><\/p>\n<h5><em>F.B. (F.M. Vi\u00f1as).<\/em><\/h5>\n","protected":false},"excerpt":{"rendered":"<p>En la ma\u00f1ana de este viernes, la Polic\u00eda Vial Municipal recibi\u00f3 5 unidades 0 Km que van a ser utilizadas en &#8230;<\/p>\n","protected":false},"author":8,"featured_media":63466,"comment_status":"open","ping_status":"open","sticky":false,"template":"","format":"standard","meta":{"footnotes":""},"categories":[5,56],"tags":[],"class_list":["post-63465","post","type-post","status-publish","format-standard","has-post-thumbnail","hentry","category-actualidad","category-seguridad-vial"],"_links":{"self":[{"href":"https:\/\/vinasfm.com\/noticias\/wp-json\/wp\/v2\/posts\/63465","targetHints":{"allow":["GET"]}}],"collection":[{"href":"https:\/\/vinasfm.com\/noticias\/wp-json\/wp\/v2\/posts"}],"about":[{"href":"https:\/\/vinasfm.com\/noticias\/wp-json\/wp\/v2\/types\/post"}],"author":[{"embeddable":true,"href":"https:\/\/vinasfm.com\/noticias\/wp-json\/wp\/v2\/users\/8"}],"replies":[{"embeddable":true,"href":"https:\/\/vinasfm.com\/noticias\/wp-json\/wp\/v2\/comments?post=63465"}],"version-history":[{"count":1,"href":"https:\/\/vinasfm.com\/noticias\/wp-json\/wp\/v2\/posts\/63465\/revisions"}],"predecessor-version":[{"id":63471,"href":"https:\/\/vinasfm.com\/noticias\/wp-json\/wp\/v2\/posts\/63465\/revisions\/63471"}],"wp:featuredmedia":[{"embeddable":true,"href":"https:\/\/vinasfm.com\/noticias\/wp-json\/wp\/v2\/media\/63466"}],"wp:attachment":[{"href":"https:\/\/vinasfm.com\/noticias\/wp-json\/wp\/v2\/media?parent=63465"}],"wp:term":[{"taxonomy":"category","embeddable":true,"href":"https:\/\/vinasfm.com\/noticias\/wp-json\/wp\/v2\/categories?post=63465"},{"taxonomy":"post_tag","embeddable":true,"href":"https:\/\/vinasfm.com\/noticias\/wp-json\/wp\/v2\/tags?post=63465"}],"curies":[{"name":"wp","href":"https:\/\/api.w.org\/{rel}","templated":true}]}}