{"id":63225,"date":"2019-12-16T09:00:44","date_gmt":"2019-12-16T12:00:44","guid":{"rendered":"http:\/\/vinasfm.com\/noticias\/?p=63225"},"modified":"2019-12-17T09:56:47","modified_gmt":"2019-12-17T12:56:47","slug":"colonias-de-vacaciones-en-alvear-el-mundo-por-descubrir-y-elegir","status":"publish","type":"post","link":"https:\/\/vinasfm.com\/noticias\/colonias-de-vacaciones-en-alvear-el-mundo-por-descubrir-y-elegir\/","title":{"rendered":"COLONIAS DE VACACIONES EN ALVEAR: EL MUNDO POR DESCUBRIR Y ELEGIR"},"content":{"rendered":"<h4><strong>El pasado s\u00e1bado en \u201cPuntos de Vista\u201d el deporte tuvo su lugar y fue Jer\u00f3nimo Colla quien se encarg\u00f3 de destacar la implementaci\u00f3n de pol\u00edticas que desde hace a\u00f1os se vienen implementando en esta materia beneficiando principalmente a los chicos.<\/strong><\/h4>\n<p>El Director de Deportes, indic\u00f3 que \u201c<em>la recreaci\u00f3n, los valores y el desarrollo mental tambi\u00e9n forman parte de los ejes que componen al deporte alvearense<\/em>\u201d. Asimismo destac\u00f3 la participaci\u00f3n y el apoyo de los padres en las diferentes actividades tales como reuniones con el equipo t\u00e9cnico de la Direcci\u00f3n de Deportes haciendo sugerencias y dando miradas que son recibidas y aplicadas.<\/p>\n<p>Colla asegur\u00f3 que se intenta que \u201c<em>todo lo que se realiza sea en funci\u00f3n de los chicos como un voluntariado que es para mayores de 13 a\u00f1os que quieren seguir yendo a las colonias. Creamos un formato m\u00e1s especifico y surge del aporte de los padres y eso es muy bueno porque se sienten \u00fatiles\u201d.<\/em><\/p>\n<div id=\"attachment_63233\" style=\"width: 300px\" class=\"wp-caption alignleft\"><img loading=\"lazy\" decoding=\"async\" aria-describedby=\"caption-attachment-63233\" class=\"size-medium wp-image-63233\" src=\"http:\/\/vinasfm.com\/noticias\/wp-content\/uploads\/2019\/12\/52b3bca2-ac7e-45d0-a6f9-eb2154d46371-300x190.jpg\" alt=\"\" width=\"300\" height=\"190\" \/><p id=\"caption-attachment-63233\" class=\"wp-caption-text\">Jer\u00f3nimo Colla en el estudio de F.M. Vi\u00f1as.<\/p><\/div>\n<p>En centros recreativos de verano \u201c<em>se ha crecido a pasos agigantados y empezamos a trabajar para que cada centro crezca incrementando m\u00e1s lugares recreativos e implementando piletas en horas de la tarde para evitar que tengan que ba\u00f1arse en cauces peligrosos<\/em>\u201d, explic\u00f3 respecto a los que se concretaron en El Toscano, Zangrandi, El Ceibo, La Escandinava, Bowen y Alvear Oeste. \u201c<em>Este a\u00f1o se incorpora parte de La Mazolina con la colonia de tarde llev\u00e1ndolos al Aeroclub tres veces por semana con un profe y personal de cuidado<\/em>\u201d, subray\u00f3.<\/p>\n<p>Sobre la gratuidad de este\u00a0 importante servicio, celebr\u00f3 la decisi\u00f3n pol\u00edtica de inversi\u00f3n social y federalismo del Intendente Walther Marcolini donde todos puedan tener acceso: \u201c<em>Tanto la Colonia de Bowen como la del Centro se busca un aporte pero el resto tiene acceso gratuito.<\/em> <em>En meriendas tendremos $500.000 de insumo, sobre el cloro lo vamos comprando durante el a\u00f1o para evitar los aumentos generando ahorro y optimizaci\u00f3n ya que el Estado hace una inversi\u00f3n importante\u201d.<\/em><\/p>\n<div id=\"attachment_62001\" style=\"width: 300px\" class=\"wp-caption alignright\"><img loading=\"lazy\" decoding=\"async\" aria-describedby=\"caption-attachment-62001\" class=\"wp-image-62001 size-medium\" src=\"http:\/\/vinasfm.com\/noticias\/wp-content\/uploads\/2019\/11\/Colonias-de-verano-inclusivas-para-los-ninos-de-la-provincia-300x200.jpg\" alt=\"\" width=\"300\" height=\"200\" srcset=\"https:\/\/vinasfm.com\/noticias\/wp-content\/uploads\/2019\/11\/Colonias-de-verano-inclusivas-para-los-ninos-de-la-provincia-300x200.jpg 300w, https:\/\/vinasfm.com\/noticias\/wp-content\/uploads\/2019\/11\/Colonias-de-verano-inclusivas-para-los-ninos-de-la-provincia.jpg 465w\" sizes=\"auto, (max-width: 300px) 100vw, 300px\" \/><p id=\"caption-attachment-62001\" class=\"wp-caption-text\">Las colonias, importantes a la hora de incluir y formar.<\/p><\/div>\n<p>\u201c<em>Le vamos a dar a los chicos que no tienen pileta d\u00eda a d\u00eda la posibilidad de acceder a este servicio que se complementa con otras cuestiones como capacitaci\u00f3n, trabajo en equipo y la posibilidad de vivir experiencias constructivas<\/em>\u201d, asever\u00f3 el Director de Deportes.<\/p>\n<p>\u00ab<em>Le vamos a pedir a los papis que entiendan que las inscripciones est\u00e1n abiertas durante este semana. Siempre llegamos a un tope por una cuesti\u00f3n de cuidado a cargo de los monitores<\/em>\u00ab, resalt\u00f3 sobre las inscripciones de la colonia de verano 2019-2020 que este a\u00f1o van a dividir a los chicos por a\u00f1o.<\/p>\n<h5><em>F.B. (F.M. Vi\u00f1as).\u00a0<\/em><\/h5>\n","protected":false},"excerpt":{"rendered":"<p>El pasado s\u00e1bado en \u201cPuntos de Vista\u201d el deporte tuvo su lugar y fue Jer\u00f3nimo Colla quien se encarg\u00f3 de destacar &#8230;<\/p>\n","protected":false},"author":8,"featured_media":63232,"comment_status":"open","ping_status":"open","sticky":false,"template":"","format":"standard","meta":{"footnotes":""},"categories":[5,3],"tags":[],"class_list":["post-63225","post","type-post","status-publish","format-standard","has-post-thumbnail","hentry","category-actualidad","category-deportes"],"_links":{"self":[{"href":"https:\/\/vinasfm.com\/noticias\/wp-json\/wp\/v2\/posts\/63225","targetHints":{"allow":["GET"]}}],"collection":[{"href":"https:\/\/vinasfm.com\/noticias\/wp-json\/wp\/v2\/posts"}],"about":[{"href":"https:\/\/vinasfm.com\/noticias\/wp-json\/wp\/v2\/types\/post"}],"author":[{"embeddable":true,"href":"https:\/\/vinasfm.com\/noticias\/wp-json\/wp\/v2\/users\/8"}],"replies":[{"embeddable":true,"href":"https:\/\/vinasfm.com\/noticias\/wp-json\/wp\/v2\/comments?post=63225"}],"version-history":[{"count":1,"href":"https:\/\/vinasfm.com\/noticias\/wp-json\/wp\/v2\/posts\/63225\/revisions"}],"predecessor-version":[{"id":63236,"href":"https:\/\/vinasfm.com\/noticias\/wp-json\/wp\/v2\/posts\/63225\/revisions\/63236"}],"wp:featuredmedia":[{"embeddable":true,"href":"https:\/\/vinasfm.com\/noticias\/wp-json\/wp\/v2\/media\/63232"}],"wp:attachment":[{"href":"https:\/\/vinasfm.com\/noticias\/wp-json\/wp\/v2\/media?parent=63225"}],"wp:term":[{"taxonomy":"category","embeddable":true,"href":"https:\/\/vinasfm.com\/noticias\/wp-json\/wp\/v2\/categories?post=63225"},{"taxonomy":"post_tag","embeddable":true,"href":"https:\/\/vinasfm.com\/noticias\/wp-json\/wp\/v2\/tags?post=63225"}],"curies":[{"name":"wp","href":"https:\/\/api.w.org\/{rel}","templated":true}]}}