{"id":63143,"date":"2019-12-14T00:03:56","date_gmt":"2019-12-14T03:03:56","guid":{"rendered":"http:\/\/vinasfm.com\/noticias\/?p=63143"},"modified":"2019-12-16T10:07:43","modified_gmt":"2019-12-16T13:07:43","slug":"se-viene-la-primera-edicion-del-bowen-corre","status":"publish","type":"post","link":"https:\/\/vinasfm.com\/noticias\/se-viene-la-primera-edicion-del-bowen-corre\/","title":{"rendered":"SE VIENE LA PRIMERA EDICI\u00d3N DEL \u00abBOWEN CORRE\u00bb"},"content":{"rendered":"<h4>Esta noche a partir de las 21:30 ser\u00e1 la largada oficial de la primera edici\u00f3n de la carrera pedestre nocturna y caminata saludable en el distrito de Bowen. Este tipo de actividad es la primera vez que se realiza en General Alvear.<\/h4>\n<p>Seg\u00fan indic\u00f3 a F.M. Vi\u00f1as el Prof. Sergio Ca\u00f1adas, uno de los organizadores, est\u00e1 teniendo muy buena recepci\u00f3n con <strong>m\u00e1s de 100 inscriptos de la zona, de Mendoza e incluso de provincias vecinas.<\/strong><\/p>\n<p>La competencia tiene dos niveles, uno de <strong>5 kil\u00f3metros y el otro de 10, con categor\u00edas masculinas y femeninas. La caminata tendr\u00e1 una extensi\u00f3n de 3. La inscripci\u00f3n tiene un costo de $200 para el primer caso, $300 para el segundo y gratuita para el \u00faltimo. <\/strong>Cabe destacar que no hay l\u00edmite de edad para poder participar.<\/p>\n<p><strong>El recorrido ser\u00e1 desde la Plazoleta de Los Inmigrantes, frente a la estaci\u00f3n del Ferrocarril, hasta Ruta 188 por Avenida Sarmiento,<\/strong> \u201cuna vuelta van a ser los 5 kil\u00f3metros y 2 vueltas van a completar los 10\u201d explic\u00f3 el profesor.<\/p>\n<p>En cuanto a la gente que participa de la caminata, largan junto con la competencia pero van solo hasta el predio de la Uni\u00f3n Social y Deportiva Bowen.<\/p>\n<p>A partir de las 18 horas se estar\u00e1n entregando los kits e inscribiendo a aquellos que todav\u00eda no lo hayan hecho. A las 21:40 ser\u00e1 la largada oficial.<\/p>\n<h5><em>A.C.<\/em><\/h5>\n","protected":false},"excerpt":{"rendered":"<p>Esta noche a partir de las 21:30 ser\u00e1 la largada oficial de la primera edici\u00f3n de la carrera pedestre nocturna y &#8230;<\/p>\n","protected":false},"author":7,"featured_media":63147,"comment_status":"open","ping_status":"open","sticky":false,"template":"","format":"standard","meta":{"footnotes":""},"categories":[5,3],"tags":[],"class_list":["post-63143","post","type-post","status-publish","format-standard","has-post-thumbnail","hentry","category-actualidad","category-deportes"],"_links":{"self":[{"href":"https:\/\/vinasfm.com\/noticias\/wp-json\/wp\/v2\/posts\/63143","targetHints":{"allow":["GET"]}}],"collection":[{"href":"https:\/\/vinasfm.com\/noticias\/wp-json\/wp\/v2\/posts"}],"about":[{"href":"https:\/\/vinasfm.com\/noticias\/wp-json\/wp\/v2\/types\/post"}],"author":[{"embeddable":true,"href":"https:\/\/vinasfm.com\/noticias\/wp-json\/wp\/v2\/users\/7"}],"replies":[{"embeddable":true,"href":"https:\/\/vinasfm.com\/noticias\/wp-json\/wp\/v2\/comments?post=63143"}],"version-history":[{"count":1,"href":"https:\/\/vinasfm.com\/noticias\/wp-json\/wp\/v2\/posts\/63143\/revisions"}],"predecessor-version":[{"id":63148,"href":"https:\/\/vinasfm.com\/noticias\/wp-json\/wp\/v2\/posts\/63143\/revisions\/63148"}],"wp:featuredmedia":[{"embeddable":true,"href":"https:\/\/vinasfm.com\/noticias\/wp-json\/wp\/v2\/media\/63147"}],"wp:attachment":[{"href":"https:\/\/vinasfm.com\/noticias\/wp-json\/wp\/v2\/media?parent=63143"}],"wp:term":[{"taxonomy":"category","embeddable":true,"href":"https:\/\/vinasfm.com\/noticias\/wp-json\/wp\/v2\/categories?post=63143"},{"taxonomy":"post_tag","embeddable":true,"href":"https:\/\/vinasfm.com\/noticias\/wp-json\/wp\/v2\/tags?post=63143"}],"curies":[{"name":"wp","href":"https:\/\/api.w.org\/{rel}","templated":true}]}}