{"id":62968,"date":"2019-12-10T08:23:43","date_gmt":"2019-12-10T11:23:43","guid":{"rendered":"http:\/\/vinasfm.com\/noticias\/?p=62968"},"modified":"2019-12-10T12:27:53","modified_gmt":"2019-12-10T15:27:53","slug":"sintesis-policial-esto-ocurrio-en-alvear-durante-las-ultimas-horas","status":"publish","type":"post","link":"https:\/\/vinasfm.com\/noticias\/sintesis-policial-esto-ocurrio-en-alvear-durante-las-ultimas-horas\/","title":{"rendered":"S\u00cdNTESIS POLICIAL: ESTO OCURRI\u00d3 EN ALVEAR DURANTE LAS \u00daLTIMAS HORAS"},"content":{"rendered":"<h4><strong>En las \u00faltimas horas, se registraron varios hechos delictivos en distintos puntos del departamento. Compartimos, luego de recopilar el parte oficial, los detalles de cada il\u00edcito perpetrado:<\/strong><\/h4>\n<ul>\n<li><strong>ROBARON UNA BICICLETA EN EL B\u00b0 SAN CARLOS<\/strong><\/li>\n<\/ul>\n<p>En la ma\u00f1ana de este lunes, una vivienda de calle 25 de Mayo al 80 fue escenario de la sustracci\u00f3n de una bicicleta marca Speed, rodado 19.<\/p>\n<p>La v\u00edctima, se retir\u00f3 cerca de las 9:00h del departamento en el que reside y dej\u00f3 el biciclo, sin medidas de seguridad, en la cochera. Al regresar constat\u00f3 el faltante del mismo por lo radic\u00f3 la denuncia en Comisar\u00eda 14\u00aa.<\/p>\n<p>\u201cAveriguaci\u00f3n hurto\u201d es la caratula del hecho que se investiga bajo instrucci\u00f3n de la Unidad Fiscal.<\/p>\n<ul>\n<li><strong>INTENTARON INGRESAR EN UN VIVIENDA DE LA ZONA RURAL<\/strong><\/li>\n<\/ul>\n<p>Menudo susto se llev\u00f3 una vecina que se domicilia en calle 7 y D cuando cerca de las 06:50h de este martes cuando un fuerte ruido en la puerta principal la despert\u00f3. Al dirigirse a la ventana del living observ\u00f3 a dos \u201cdesconocidos\u201d que estaban frente a la vivienda.<\/p>\n<p>A ra\u00edz de este hecho, se labraron actuaciones en \u201caveriguaci\u00f3n robo en grado de tentativa\u201d en Comisaria 14\u00aa.<\/p>\n<ul>\n<li><strong>DA\u00d1ARON LA VENTANA DE UN VERDULER\u00cdA C\u00c9NTRICA<\/strong><\/li>\n<\/ul>\n<p>Cerca de las 03:25h de este martes, la propietaria de la verduler\u00eda \u201cAtuel\u201d ubicada en calle Roque S\u00e1enz Pe\u00f1a y 26 de Julio, fue avisada por vecinos del local que \u201cautores ignorados\u201d hab\u00edan da\u00f1ado la reja de una de las ventanas. Al arribar al comercio, la v\u00edctima corrobor\u00f3 la veracidad del hecho y al ingresar constat\u00f3 que no hab\u00edan sustra\u00eddo ning\u00fan tipo de mercader\u00eda. La denuncia fue realizada en Comisar\u00eda 14\u00aa donde se labraron actuaciones en \u201cAveriguaci\u00f3n da\u00f1o\u201d.<\/p>\n<ul>\n<li><strong>ALVEAR OESTE: DETUVIERON A 3 PERSONAS BEBIENDO EN LA V\u00cdA P\u00daBLICA <\/strong><\/li>\n<\/ul>\n<p>En la noche de este lunes, personal policial aprehendi\u00f3 a 3 personas de sexo masculino que se encontraban en inmediaciones de calles Rivadavia y Pampa de Alvear Oeste consumiendo bebidas alcoh\u00f3licas.<\/p>\n<p>La detenci\u00f3n surgi\u00f3 luego de que un vecino comunic\u00f3 la situaci\u00f3n al 911 por lo que los tres hombres fueron trasladados a Comisar\u00eda 14\u00aa por violar la restricci\u00f3n de consumo de bebidas alcoh\u00f3licas en la v\u00eda p\u00fablica estipulado por la Ley 9099.<\/p>\n<h5><em>F.B. (F.M. Vi\u00f1as).<\/em><\/h5>\n","protected":false},"excerpt":{"rendered":"<p>En las \u00faltimas horas, se registraron varios hechos delictivos en distintos puntos del departamento. Compartimos, luego de recopilar el parte oficial, &#8230;<\/p>\n","protected":false},"author":8,"featured_media":55306,"comment_status":"open","ping_status":"open","sticky":false,"template":"","format":"standard","meta":{"footnotes":""},"categories":[1],"tags":[],"class_list":["post-62968","post","type-post","status-publish","format-standard","has-post-thumbnail","hentry","category-fmvinas"],"_links":{"self":[{"href":"https:\/\/vinasfm.com\/noticias\/wp-json\/wp\/v2\/posts\/62968","targetHints":{"allow":["GET"]}}],"collection":[{"href":"https:\/\/vinasfm.com\/noticias\/wp-json\/wp\/v2\/posts"}],"about":[{"href":"https:\/\/vinasfm.com\/noticias\/wp-json\/wp\/v2\/types\/post"}],"author":[{"embeddable":true,"href":"https:\/\/vinasfm.com\/noticias\/wp-json\/wp\/v2\/users\/8"}],"replies":[{"embeddable":true,"href":"https:\/\/vinasfm.com\/noticias\/wp-json\/wp\/v2\/comments?post=62968"}],"version-history":[{"count":1,"href":"https:\/\/vinasfm.com\/noticias\/wp-json\/wp\/v2\/posts\/62968\/revisions"}],"predecessor-version":[{"id":62973,"href":"https:\/\/vinasfm.com\/noticias\/wp-json\/wp\/v2\/posts\/62968\/revisions\/62973"}],"wp:featuredmedia":[{"embeddable":true,"href":"https:\/\/vinasfm.com\/noticias\/wp-json\/wp\/v2\/media\/55306"}],"wp:attachment":[{"href":"https:\/\/vinasfm.com\/noticias\/wp-json\/wp\/v2\/media?parent=62968"}],"wp:term":[{"taxonomy":"category","embeddable":true,"href":"https:\/\/vinasfm.com\/noticias\/wp-json\/wp\/v2\/categories?post=62968"},{"taxonomy":"post_tag","embeddable":true,"href":"https:\/\/vinasfm.com\/noticias\/wp-json\/wp\/v2\/tags?post=62968"}],"curies":[{"name":"wp","href":"https:\/\/api.w.org\/{rel}","templated":true}]}}