{"id":62953,"date":"2019-12-10T10:20:39","date_gmt":"2019-12-10T13:20:39","guid":{"rendered":"http:\/\/vinasfm.com\/noticias\/?p=62953"},"modified":"2019-12-10T10:21:43","modified_gmt":"2019-12-10T13:21:43","slug":"este-es-el-gabinete-de-rodolfo-suarez-para-la-mendoza-que-se-viene","status":"publish","type":"post","link":"https:\/\/vinasfm.com\/noticias\/este-es-el-gabinete-de-rodolfo-suarez-para-la-mendoza-que-se-viene\/","title":{"rendered":"ESTE ES EL GABINETE DE RODOLFO SUAREZ PARA LA MENDOZA QUE SE VIENE"},"content":{"rendered":"<h4><strong>Comenz\u00f3 la semana con uno de los eventos m\u00e1s relevantes para Mendoza: el cambio de gobierno. Este 9 de diciembre,<\/strong>\u00a0<strong style=\"font-style: inherit;\"><span style=\"font-style: inherit; font-weight: inherit;\">Rodolfo Suarez y su gabinete participaron de un acto de asunci\u00f3n en la Legislatura y luego se dirigieron a la Casa de Gobierno<\/span><\/strong><strong>, donde se realiz\u00f3 el traspaso de mando y la posterior jura de los ministros.<\/strong><\/h4>\n<p>En tanto, los titulares de\u00a0la\u00a0<strong style=\"font-style: inherit;\">Direcci\u00f3n General de Escuelas,\u00a0del IPV, de AySAM, del Instituto Provincial de Juegos y Casino y de\u00a0la Obra Social de Empleados P\u00fablicos\u00a0<\/strong>(OSEP), ir\u00e1n asumiendo sus funciones durante los pr\u00f3ximos d\u00edas.<\/p>\n<h4><strong>Ministerio de Hacienda y Finanzas<\/strong><\/h4>\n<p>El licenciado en Econom\u00eda,<a style=\"font-style: inherit; font-weight: inherit;\" href=\"https:\/\/www.ciudadanodiario.com.ar\/b\/%20Lisandro%20Nieri\">\u00a0Lisandro Nieri<\/a>\u00a0(47), seguir\u00e1 a cargo del Ministerio de Hacienda y Finanzas. Entre sus antecedentes se destaca su desempe\u00f1o como funcionario en la provincia de Mendoza, como director de empresas de la regi\u00f3n, estructuraci\u00f3n de operaciones de financiamiento, desarrollo de planes de negocio, start up de empresas y asesor de empresas sometidas al r\u00e9gimen de oferta p\u00fablica en Argentina.<\/p>\n<p>En su paso por la gesti\u00f3n p\u00fablica, tuvo a su cargo el<strong style=\"font-style: inherit;\"><span style=\"font-style: inherit; font-weight: inherit;\">\u00a0seguimiento de los mercados internacionales de capitales\u00a0<\/span><\/strong>y las relaciones con instituciones financieras p\u00fablicas y privadas.<\/p>\n<p><img loading=\"lazy\" decoding=\"async\" class=\" wp-image-62955 aligncenter\" src=\"http:\/\/vinasfm.com\/noticias\/wp-content\/uploads\/2019\/12\/1-e1575983665589-300x264.png\" alt=\"\" width=\"449\" height=\"395\" srcset=\"https:\/\/vinasfm.com\/noticias\/wp-content\/uploads\/2019\/12\/1-e1575983665589-300x264.png 300w, https:\/\/vinasfm.com\/noticias\/wp-content\/uploads\/2019\/12\/1-e1575983665589-768x675.png 768w, https:\/\/vinasfm.com\/noticias\/wp-content\/uploads\/2019\/12\/1-e1575983665589.png 947w\" sizes=\"auto, (max-width: 449px) 100vw, 449px\" \/><\/p>\n<h4><strong>Ministerio de Seguridad<\/strong><\/h4>\n<p><a style=\"font-style: inherit; font-weight: inherit;\" href=\"https:\/\/www.ciudadanodiario.com.ar\/b\/Ra%C3%BAl%20Levrino\">Ra\u00fal Levrino<\/a>\u00a0(63) ser\u00e1 el encargado de suceder al abogado\u00a0Gianni Venier en el ministerio que tiene competencia por la<strong style=\"font-style: inherit;\"><span style=\"font-style: inherit; font-weight: inherit;\">\u00a0planificaci\u00f3n, coordinaci\u00f3n, organizaci\u00f3n, ejecuci\u00f3n y control de la pol\u00edtica de seguridad p\u00fablica de la provincia<\/span><\/strong>, en orden a la protecci\u00f3n de la vida, la libertad, los derechos y los bienes de los habitantes de la provincia.<\/p>\n<p>Levrino es actualmente subsecretario de Seguridad Ciudadana de la Ciudad de Mendoza, y se lo asocia con quien\u00a0<strong style=\"font-style: inherit;\"><span style=\"font-style: inherit; font-weight: inherit;\">vela porque se cumpla el C\u00f3digo de Convivencia en el departamento.\u00a0<\/span><\/strong><\/p>\n<p>Es licenciado en Comercio Internacional, pero hace m\u00e1s de 20 a\u00f1os se dedica a lo que hoy ejerce. Entre sus principales objetivos como ministro, pretende crear en el Gran Mendoza un\u00a0<strong>Observatorio de Seguridad<\/strong>\u00a0en cada comuna.<\/p>\n<p><img loading=\"lazy\" decoding=\"async\" class=\" wp-image-62956 aligncenter\" src=\"http:\/\/vinasfm.com\/noticias\/wp-content\/uploads\/2019\/12\/2-e1575983762444-300x259.png\" alt=\"\" width=\"507\" height=\"438\" srcset=\"https:\/\/vinasfm.com\/noticias\/wp-content\/uploads\/2019\/12\/2-e1575983762444-300x259.png 300w, https:\/\/vinasfm.com\/noticias\/wp-content\/uploads\/2019\/12\/2-e1575983762444-768x663.png 768w, https:\/\/vinasfm.com\/noticias\/wp-content\/uploads\/2019\/12\/2-e1575983762444.png 955w\" sizes=\"auto, (max-width: 507px) 100vw, 507px\" \/><\/p>\n<h4><strong>Ministerio de Econom\u00eda y Energ\u00eda<\/strong><\/h4>\n<p>Este es uno de los ministerios que percibi\u00f3 cambios, ya que en la gesti\u00f3n de Cornejo, Infraestructura estaba dentro de esta plaza. Y quien reemplazar\u00e1 a Mart\u00edn Kerchner Tomba ser\u00e1\u00a0<a style=\"font-style: inherit; font-weight: inherit;\" href=\"https:\/\/www.ciudadanodiario.com.ar\/b\/Enrique%20Vaqui%C3%A9\">Enrique Vaqui\u00e9<\/a>, quien ocup\u00f3 este mismo cargo en el 2015.<\/p>\n<p>Es licenciado en Econom\u00eda y ser\u00e1 el\u00a0<strong style=\"font-style: inherit;\"><span style=\"font-style: inherit; font-weight: inherit;\">encargado de llevar a cabo una de las promesas de Suarez durante su campa\u00f1a, la creaci\u00f3n de un banco estatal provincial.<\/span><\/strong><\/p>\n<p><img loading=\"lazy\" decoding=\"async\" class=\"wp-image-62957 aligncenter\" src=\"http:\/\/vinasfm.com\/noticias\/wp-content\/uploads\/2019\/12\/3-e1575983802949-300x257.png\" alt=\"\" width=\"460\" height=\"394\" srcset=\"https:\/\/vinasfm.com\/noticias\/wp-content\/uploads\/2019\/12\/3-e1575983802949-300x257.png 300w, https:\/\/vinasfm.com\/noticias\/wp-content\/uploads\/2019\/12\/3-e1575983802949-768x659.png 768w, https:\/\/vinasfm.com\/noticias\/wp-content\/uploads\/2019\/12\/3-e1575983802949.png 915w\" sizes=\"auto, (max-width: 460px) 100vw, 460px\" \/><\/p>\n<h4><strong>Ministerio de Gobierno, Trabajo y Justicia<\/strong><\/h4>\n<p>Estar\u00e1 cargo de V\u00edctor Ib\u00e1\u00f1ez Rosaz, hombre de mucha confianza del nuevo gobernador. Es abogado constitucionalista con amplia trayectoria en la Universidad Nacional de Cuyo.<\/p>\n<p>Ser\u00e1 el<strong style=\"font-style: inherit;\"><span style=\"font-style: inherit; font-weight: inherit;\">\u00a0ancho de espadas de Rodolfo Suarez en los principales temas pol\u00edticos.<\/span><\/strong><\/p>\n<p><img loading=\"lazy\" decoding=\"async\" class=\" wp-image-62958 aligncenter\" src=\"http:\/\/vinasfm.com\/noticias\/wp-content\/uploads\/2019\/12\/4-e1575983832891-300x247.png\" alt=\"\" width=\"458\" height=\"377\" srcset=\"https:\/\/vinasfm.com\/noticias\/wp-content\/uploads\/2019\/12\/4-e1575983832891-300x247.png 300w, https:\/\/vinasfm.com\/noticias\/wp-content\/uploads\/2019\/12\/4-e1575983832891-768x632.png 768w, https:\/\/vinasfm.com\/noticias\/wp-content\/uploads\/2019\/12\/4-e1575983832891.png 962w\" sizes=\"auto, (max-width: 458px) 100vw, 458px\" \/><\/p>\n<h4><strong>Ministerio de Cultura y Turismo<\/strong><\/h4>\n<p>Una funcionaria que vuelve a la administraci\u00f3n provincial: se trata de\u00a0<a style=\"font-style: inherit; font-weight: inherit;\" href=\"https:\/\/www.ciudadanodiario.com.ar\/b\/mariana%20juri\">Mariana Juri<\/a>\u00a0quien\u00a0<strong style=\"font-style: inherit;\"><span style=\"font-style: inherit; font-weight: inherit;\">tuvo a su cargo la misma \u00e1rea en la municipalidad de Mendoza<\/span><\/strong>. Fue parte del gabinete de Julio Cobos.<\/p>\n<p><img loading=\"lazy\" decoding=\"async\" class=\" wp-image-62959 aligncenter\" src=\"http:\/\/vinasfm.com\/noticias\/wp-content\/uploads\/2019\/12\/5-e1575983858537-300x246.png\" alt=\"\" width=\"504\" height=\"413\" srcset=\"https:\/\/vinasfm.com\/noticias\/wp-content\/uploads\/2019\/12\/5-e1575983858537-300x246.png 300w, https:\/\/vinasfm.com\/noticias\/wp-content\/uploads\/2019\/12\/5-e1575983858537-768x631.png 768w, https:\/\/vinasfm.com\/noticias\/wp-content\/uploads\/2019\/12\/5-e1575983858537.png 992w\" sizes=\"auto, (max-width: 504px) 100vw, 504px\" \/><\/p>\n<h4><strong>Ministerio de Infraestructura<\/strong><\/h4>\n<p>Otro de los del equipo que Suarez muda desde la municipalidad a la Casa de Gobierno. Es su<strong style=\"font-style: inherit;\"><span style=\"font-style: inherit; font-weight: inherit;\">\u00a0primer paso por la administraci\u00f3n provincial, pero de amplia experiencia en la municipal.<\/span><\/strong><\/p>\n<p><img loading=\"lazy\" decoding=\"async\" class=\" wp-image-62960 aligncenter\" src=\"http:\/\/vinasfm.com\/noticias\/wp-content\/uploads\/2019\/12\/6-e1575983891179-300x254.png\" alt=\"\" width=\"487\" height=\"412\" srcset=\"https:\/\/vinasfm.com\/noticias\/wp-content\/uploads\/2019\/12\/6-e1575983891179-300x254.png 300w, https:\/\/vinasfm.com\/noticias\/wp-content\/uploads\/2019\/12\/6-e1575983891179-768x651.png 768w, https:\/\/vinasfm.com\/noticias\/wp-content\/uploads\/2019\/12\/6-e1575983891179.png 985w\" sizes=\"auto, (max-width: 487px) 100vw, 487px\" \/><\/p>\n<h4><strong>Ministerio de Salud, desarrollo social y deportes<\/strong><\/h4>\n<p>Esta \u00e1rea la ocupar\u00e1 una funcionaria de segunda l\u00ednea de la actual gesti\u00f3n de Alfredo Cornejo: se trata de\u00a0<strong style=\"font-style: inherit;\">Ana Nadal<\/strong>\u00a0que se desempe\u00f1aba como subsecretaria de Planificaci\u00f3n.\u00a0<strong style=\"font-style: inherit;\"><span style=\"font-style: inherit; font-weight: inherit;\">Trabaja en la administraci\u00f3n p\u00fablica provincial desde principios de la d\u00e9cada del 90.<\/span><\/strong><\/p>\n<p><img loading=\"lazy\" decoding=\"async\" class=\" wp-image-62961 aligncenter\" src=\"http:\/\/vinasfm.com\/noticias\/wp-content\/uploads\/2019\/12\/7-e1575983913662-300x252.png\" alt=\"\" width=\"471\" height=\"396\" srcset=\"https:\/\/vinasfm.com\/noticias\/wp-content\/uploads\/2019\/12\/7-e1575983913662-300x252.png 300w, https:\/\/vinasfm.com\/noticias\/wp-content\/uploads\/2019\/12\/7-e1575983913662-768x646.png 768w, https:\/\/vinasfm.com\/noticias\/wp-content\/uploads\/2019\/12\/7-e1575983913662.png 987w\" sizes=\"auto, (max-width: 471px) 100vw, 471px\" \/><\/p>\n<h4><strong>Direcci\u00f3n General de Escuelas<\/strong><\/h4>\n<p>Una de las \u00e1reas m\u00e1s sensibles del gobierno de Mendoza, que cuenta con mayor cantidad de empleados p\u00fablicos. Estar\u00e1 a cargo de Jos\u00e9 Thomas quien\u00a0<strong style=\"font-style: inherit;\"><span style=\"font-style: inherit; font-weight: inherit;\">se ha desempe\u00f1ado en el \u00e1rea privada y nunca tuvo un paso por lo p\u00fablico.<\/span><\/strong>\u00a0Hasta hace poco fue gerente educativo del ICEI.<\/p>\n<p><img loading=\"lazy\" decoding=\"async\" class=\" wp-image-62962 aligncenter\" src=\"http:\/\/vinasfm.com\/noticias\/wp-content\/uploads\/2019\/12\/8-e1575983933720-300x239.png\" alt=\"\" width=\"513\" height=\"409\" srcset=\"https:\/\/vinasfm.com\/noticias\/wp-content\/uploads\/2019\/12\/8-e1575983933720-300x239.png 300w, https:\/\/vinasfm.com\/noticias\/wp-content\/uploads\/2019\/12\/8-e1575983933720-768x611.png 768w, https:\/\/vinasfm.com\/noticias\/wp-content\/uploads\/2019\/12\/8-e1575983933720.png 970w\" sizes=\"auto, (max-width: 513px) 100vw, 513px\" \/><\/p>\n<h4><strong>Servicios P\u00fablicos<\/strong><\/h4>\n<p>Otro de los funcionarios que se mantienen de la otra gesti\u00f3n.\u00a0<a style=\"font-style: inherit; font-weight: inherit;\" href=\"https:\/\/www.ciudadanodiario.com.ar\/b\/Natalio%20Mema\">Natalio Mema<\/a>\u00a0tuvo que ser la cara visible de la<strong style=\"font-style: inherit;\"><span style=\"font-style: inherit; font-weight: inherit;\">\u00a0puesta en funcionamiento de nuevo sistema de transporte de Mendoza, Mendotran<\/span><\/strong>. Con muchas cr\u00edticas al principio, Mema supo superarlas y termin\u00f3 con buena imagen por parte de los mendocinos.<\/p>\n<p><img loading=\"lazy\" decoding=\"async\" class=\" wp-image-62963 aligncenter\" src=\"http:\/\/vinasfm.com\/noticias\/wp-content\/uploads\/2019\/12\/9-e1575983956485-300x246.png\" alt=\"\" width=\"488\" height=\"400\" srcset=\"https:\/\/vinasfm.com\/noticias\/wp-content\/uploads\/2019\/12\/9-e1575983956485-300x246.png 300w, https:\/\/vinasfm.com\/noticias\/wp-content\/uploads\/2019\/12\/9-e1575983956485-768x631.png 768w, https:\/\/vinasfm.com\/noticias\/wp-content\/uploads\/2019\/12\/9-e1575983956485.png 970w\" sizes=\"auto, (max-width: 488px) 100vw, 488px\" \/><\/p>\n<h4><strong>Ambiente<\/strong><\/h4>\n<p><a style=\"font-style: inherit; font-weight: inherit;\" href=\"https:\/\/www.ciudadanodiario.com.ar\/b\/Humberto%20Mingorance\">Humberto Mingorance<\/a>\u00a0sigue en su puesto con dos objetivos fundamentales:\u00a0<strong style=\"font-style: inherit;\">la modificaci\u00f3n de la Ley antiminera 7722 y la puesta a punto del Ecoparque de Mendoza.<\/strong><\/p>\n<p><img loading=\"lazy\" decoding=\"async\" class=\" wp-image-62964 aligncenter\" src=\"http:\/\/vinasfm.com\/noticias\/wp-content\/uploads\/2019\/12\/10-e1575983980659-300x259.png\" alt=\"\" width=\"525\" height=\"453\" srcset=\"https:\/\/vinasfm.com\/noticias\/wp-content\/uploads\/2019\/12\/10-e1575983980659-300x259.png 300w, https:\/\/vinasfm.com\/noticias\/wp-content\/uploads\/2019\/12\/10-e1575983980659-768x663.png 768w, https:\/\/vinasfm.com\/noticias\/wp-content\/uploads\/2019\/12\/10-e1575983980659.png 970w\" sizes=\"auto, (max-width: 525px) 100vw, 525px\" \/><\/p>\n<h4><strong>Aysam<\/strong><\/h4>\n<p>El lugar que deja Richard Battagi\u00f3n ser\u00e1 ocupado por Alejandro Gallego, quien\u00a0<strong style=\"font-style: inherit;\"><span style=\"font-style: inherit; font-weight: inherit;\">fuera exministro de Hacienda en el gobierno del ingeniero Julio Cobos.<\/span><\/strong><\/p>\n<p><img loading=\"lazy\" decoding=\"async\" class=\" wp-image-62965 aligncenter\" src=\"http:\/\/vinasfm.com\/noticias\/wp-content\/uploads\/2019\/12\/11-e1575984002177-300x262.png\" alt=\"\" width=\"469\" height=\"410\" srcset=\"https:\/\/vinasfm.com\/noticias\/wp-content\/uploads\/2019\/12\/11-e1575984002177-300x262.png 300w, https:\/\/vinasfm.com\/noticias\/wp-content\/uploads\/2019\/12\/11-e1575984002177-768x670.png 768w, https:\/\/vinasfm.com\/noticias\/wp-content\/uploads\/2019\/12\/11-e1575984002177.png 982w\" sizes=\"auto, (max-width: 469px) 100vw, 469px\" \/><\/p>\n<h4><strong>OSEP<\/strong><\/h4>\n<p>El m\u00e9dico Carlos Funes ser\u00e1 el nuevo titular de la Obra Social de los Empleados P\u00fablicos. Ya<strong style=\"font-style: inherit;\"><span style=\"font-style: inherit; font-weight: inherit;\">\u00a0integra el directorio del organismo, y ahora reemplazar\u00e1 al m\u00e9dico Carlos Vergara.<\/span><\/strong><\/p>\n<p><img loading=\"lazy\" decoding=\"async\" class=\" wp-image-62966 aligncenter\" src=\"http:\/\/vinasfm.com\/noticias\/wp-content\/uploads\/2019\/12\/12-e1575984026790-300x257.png\" alt=\"\" width=\"517\" height=\"443\" srcset=\"https:\/\/vinasfm.com\/noticias\/wp-content\/uploads\/2019\/12\/12-e1575984026790-300x257.png 300w, https:\/\/vinasfm.com\/noticias\/wp-content\/uploads\/2019\/12\/12-e1575984026790-768x658.png 768w, https:\/\/vinasfm.com\/noticias\/wp-content\/uploads\/2019\/12\/12-e1575984026790.png 980w\" sizes=\"auto, (max-width: 517px) 100vw, 517px\" \/><\/p>\n<h5><em>F.B.<\/em><\/h5>\n","protected":false},"excerpt":{"rendered":"<p>Comenz\u00f3 la semana con uno de los eventos m\u00e1s relevantes para Mendoza: el cambio de gobierno. Este 9 de diciembre,\u00a0Rodolfo Suarez &#8230;<\/p>\n","protected":false},"author":8,"featured_media":62954,"comment_status":"open","ping_status":"open","sticky":false,"template":"","format":"standard","meta":{"footnotes":""},"categories":[5,10],"tags":[],"class_list":["post-62953","post","type-post","status-publish","format-standard","has-post-thumbnail","hentry","category-actualidad","category-destacadas"],"_links":{"self":[{"href":"https:\/\/vinasfm.com\/noticias\/wp-json\/wp\/v2\/posts\/62953","targetHints":{"allow":["GET"]}}],"collection":[{"href":"https:\/\/vinasfm.com\/noticias\/wp-json\/wp\/v2\/posts"}],"about":[{"href":"https:\/\/vinasfm.com\/noticias\/wp-json\/wp\/v2\/types\/post"}],"author":[{"embeddable":true,"href":"https:\/\/vinasfm.com\/noticias\/wp-json\/wp\/v2\/users\/8"}],"replies":[{"embeddable":true,"href":"https:\/\/vinasfm.com\/noticias\/wp-json\/wp\/v2\/comments?post=62953"}],"version-history":[{"count":1,"href":"https:\/\/vinasfm.com\/noticias\/wp-json\/wp\/v2\/posts\/62953\/revisions"}],"predecessor-version":[{"id":62967,"href":"https:\/\/vinasfm.com\/noticias\/wp-json\/wp\/v2\/posts\/62953\/revisions\/62967"}],"wp:featuredmedia":[{"embeddable":true,"href":"https:\/\/vinasfm.com\/noticias\/wp-json\/wp\/v2\/media\/62954"}],"wp:attachment":[{"href":"https:\/\/vinasfm.com\/noticias\/wp-json\/wp\/v2\/media?parent=62953"}],"wp:term":[{"taxonomy":"category","embeddable":true,"href":"https:\/\/vinasfm.com\/noticias\/wp-json\/wp\/v2\/categories?post=62953"},{"taxonomy":"post_tag","embeddable":true,"href":"https:\/\/vinasfm.com\/noticias\/wp-json\/wp\/v2\/tags?post=62953"}],"curies":[{"name":"wp","href":"https:\/\/api.w.org\/{rel}","templated":true}]}}