{"id":62941,"date":"2019-12-10T18:02:51","date_gmt":"2019-12-10T21:02:51","guid":{"rendered":"http:\/\/vinasfm.com\/noticias\/?p=62941"},"modified":"2019-12-11T10:13:23","modified_gmt":"2019-12-11T13:13:23","slug":"un-incendio-de-gran-magnitud-consumio-un-aserradero-en-bowen","status":"publish","type":"post","link":"https:\/\/vinasfm.com\/noticias\/un-incendio-de-gran-magnitud-consumio-un-aserradero-en-bowen\/","title":{"rendered":"UN INCENDIO DE GRAN MAGNITUD CONSUMI\u00d3 UN ASERRADERO EN BOWEN"},"content":{"rendered":"<h4><strong>En horas de la tarde de este lunes, un importante incendio afect\u00f3 totalmente un aserradero ubicado en calle 21 entre calles L y \u00d1 del distrito de Bowen. <\/strong><\/h4>\n<p>Por causas que se tratan de establecer, el siniestro comenz\u00f3 cerca de las <strong>14:30h de ayer<\/strong>, por lo que Bomberos de General Alvear se desplaz\u00f3 hasta el lugar y al corroborar la intensidad de las llamas solicit\u00f3 ayuda a Bomberos Voluntarios de Bowen, a la Brigada de Incendios Forestales y a Defensa Civil, entidad que gestion\u00f3 el apoyo h\u00eddrico para abastecer de agua a las autobombas que combat\u00edan el fuego.<\/p>\n<p>La alta carga de material combustible, compuesta por cerca de 5 toneladas de madera y la vegetaci\u00f3n seca, fue trascendental para la propagaci\u00f3n del incendio que afect\u00f3 un secadero contiguo, <strong>demandando m\u00e1s de 5 horas para lograr su extinci\u00f3n<\/strong> haciendo uso de l\u00edneas de alta presi\u00f3n.<\/p>\n<p>Desde Bomberos indicaron que \u201c<em>result\u00f3 afectado un tingado donde hab\u00eda maquinaria de trabajo del aserradero y gran cantidad de madera utilizada para posterior comercializaci\u00f3n<\/em>\u201d.<\/p>\n<p>Al finalizar la tarea, Bomberos Voluntarios de Bowen se qued\u00f3 realizando la guardia de ceniza correspondiente para evitar cualquier reencendida en horas de tarde-noche.<\/p>\n<p>La Unidad Fiscal interviene en el hecho que qued\u00f3 asentado en Comisaria 46\u00aa, investigando las causas del incendio.<\/p>\n<h5><em>F.B. (F.M. Vi\u00f1as).<\/em><\/h5>\n","protected":false},"excerpt":{"rendered":"<p>En horas de la tarde de este lunes, un importante incendio afect\u00f3 totalmente un aserradero ubicado en calle 21 entre calles &#8230;<\/p>\n","protected":false},"author":8,"featured_media":62942,"comment_status":"open","ping_status":"open","sticky":false,"template":"","format":"standard","meta":{"footnotes":""},"categories":[5,4],"tags":[],"class_list":["post-62941","post","type-post","status-publish","format-standard","has-post-thumbnail","hentry","category-actualidad","category-policiales"],"_links":{"self":[{"href":"https:\/\/vinasfm.com\/noticias\/wp-json\/wp\/v2\/posts\/62941","targetHints":{"allow":["GET"]}}],"collection":[{"href":"https:\/\/vinasfm.com\/noticias\/wp-json\/wp\/v2\/posts"}],"about":[{"href":"https:\/\/vinasfm.com\/noticias\/wp-json\/wp\/v2\/types\/post"}],"author":[{"embeddable":true,"href":"https:\/\/vinasfm.com\/noticias\/wp-json\/wp\/v2\/users\/8"}],"replies":[{"embeddable":true,"href":"https:\/\/vinasfm.com\/noticias\/wp-json\/wp\/v2\/comments?post=62941"}],"version-history":[{"count":1,"href":"https:\/\/vinasfm.com\/noticias\/wp-json\/wp\/v2\/posts\/62941\/revisions"}],"predecessor-version":[{"id":62945,"href":"https:\/\/vinasfm.com\/noticias\/wp-json\/wp\/v2\/posts\/62941\/revisions\/62945"}],"wp:featuredmedia":[{"embeddable":true,"href":"https:\/\/vinasfm.com\/noticias\/wp-json\/wp\/v2\/media\/62942"}],"wp:attachment":[{"href":"https:\/\/vinasfm.com\/noticias\/wp-json\/wp\/v2\/media?parent=62941"}],"wp:term":[{"taxonomy":"category","embeddable":true,"href":"https:\/\/vinasfm.com\/noticias\/wp-json\/wp\/v2\/categories?post=62941"},{"taxonomy":"post_tag","embeddable":true,"href":"https:\/\/vinasfm.com\/noticias\/wp-json\/wp\/v2\/tags?post=62941"}],"curies":[{"name":"wp","href":"https:\/\/api.w.org\/{rel}","templated":true}]}}