{"id":62937,"date":"2019-12-10T08:48:03","date_gmt":"2019-12-10T11:48:03","guid":{"rendered":"http:\/\/vinasfm.com\/noticias\/?p=62937"},"modified":"2019-12-11T07:40:40","modified_gmt":"2019-12-11T10:40:40","slug":"este-martes-marcolini-asume-su-segundo-periodo-al-frente-de-la-comuna","status":"publish","type":"post","link":"https:\/\/vinasfm.com\/noticias\/este-martes-marcolini-asume-su-segundo-periodo-al-frente-de-la-comuna\/","title":{"rendered":"ESTE MARTES MARCOLINI ASUME SU SEGUNDO PERIODO AL FRENTE DE LA COMUNA"},"content":{"rendered":"<h4><strong>En la noche de este martes, el actual Intendente Lic. Walther Marcolini asumir\u00e1 en su segundo y \u00faltimo periodo al frente de la comuna, tras haber sido reelecto el pasado 29 de septiembre.<\/strong><\/h4>\n<p>El acto se realizar\u00e1 a partir de las <strong>20:30 en la Plaza Carlos Mar\u00eda de Alvear<\/strong>, tal cual lo hiciera en 2.015; previo a prestar juramento ante los concejales.<\/p>\n<p>Se espera que el intendente haga un balance de su gesti\u00f3n y alg\u00fan anuncio de cara a 4 a\u00f1os como titular del ejecutivo.<\/p>\n<p><strong>Marcolini cumplir\u00e1 funciones hasta el 2.023, no pudiendo ser reelecto nuevamente.<\/strong>\u00a0 Recordemos que una enmienda de la Constituci\u00f3n provincial promulgada este a\u00f1o, limita las reelecciones a solo un periodo consecutivo.<\/p>\n<p>El actual jefe comunal tambi\u00e9n ostenta el mayor porcentaje de votos obtenidos desde el regreso a la democracia con el 55,69%, luego del 62% de Mario Valdez en 1983. Adem\u00e1s es el \u00fanico radical en ser reelecto para este cargo.<\/p>\n<h5><strong><em>A.C.<\/em><\/strong><\/h5>\n","protected":false},"excerpt":{"rendered":"<p>En la noche de este martes, el actual Intendente Lic. Walther Marcolini asumir\u00e1 en su segundo y \u00faltimo periodo al frente &#8230;<\/p>\n","protected":false},"author":7,"featured_media":58915,"comment_status":"open","ping_status":"open","sticky":false,"template":"","format":"standard","meta":{"footnotes":""},"categories":[1],"tags":[],"class_list":["post-62937","post","type-post","status-publish","format-standard","has-post-thumbnail","hentry","category-fmvinas"],"_links":{"self":[{"href":"https:\/\/vinasfm.com\/noticias\/wp-json\/wp\/v2\/posts\/62937","targetHints":{"allow":["GET"]}}],"collection":[{"href":"https:\/\/vinasfm.com\/noticias\/wp-json\/wp\/v2\/posts"}],"about":[{"href":"https:\/\/vinasfm.com\/noticias\/wp-json\/wp\/v2\/types\/post"}],"author":[{"embeddable":true,"href":"https:\/\/vinasfm.com\/noticias\/wp-json\/wp\/v2\/users\/7"}],"replies":[{"embeddable":true,"href":"https:\/\/vinasfm.com\/noticias\/wp-json\/wp\/v2\/comments?post=62937"}],"version-history":[{"count":1,"href":"https:\/\/vinasfm.com\/noticias\/wp-json\/wp\/v2\/posts\/62937\/revisions"}],"predecessor-version":[{"id":62940,"href":"https:\/\/vinasfm.com\/noticias\/wp-json\/wp\/v2\/posts\/62937\/revisions\/62940"}],"wp:featuredmedia":[{"embeddable":true,"href":"https:\/\/vinasfm.com\/noticias\/wp-json\/wp\/v2\/media\/58915"}],"wp:attachment":[{"href":"https:\/\/vinasfm.com\/noticias\/wp-json\/wp\/v2\/media?parent=62937"}],"wp:term":[{"taxonomy":"category","embeddable":true,"href":"https:\/\/vinasfm.com\/noticias\/wp-json\/wp\/v2\/categories?post=62937"},{"taxonomy":"post_tag","embeddable":true,"href":"https:\/\/vinasfm.com\/noticias\/wp-json\/wp\/v2\/tags?post=62937"}],"curies":[{"name":"wp","href":"https:\/\/api.w.org\/{rel}","templated":true}]}}