{"id":62929,"date":"2019-12-10T07:49:22","date_gmt":"2019-12-10T10:49:22","guid":{"rendered":"http:\/\/vinasfm.com\/noticias\/?p=62929"},"modified":"2019-12-10T07:49:22","modified_gmt":"2019-12-10T10:49:22","slug":"los-gobernadores-de-mendoza-desde-1983-a-2019","status":"publish","type":"post","link":"https:\/\/vinasfm.com\/noticias\/los-gobernadores-de-mendoza-desde-1983-a-2019\/","title":{"rendered":"LOS GOBERNADORES DE MENDOZA DESDE 1983 A 2019"},"content":{"rendered":"<h4><strong>Desde la llegada de la Democracia en 1983, qui\u00e9nes fueron los gobernadores de Mendoza. Una peque\u00f1a referencia de cada mandatario.<\/strong><\/h4>\n<p>Rodolfo Su\u00e1rez es el d\u00e9cimo Gobernador desde la recuperaci\u00f3n de la democracia en Argentina, despu\u00e9s de la \u00faltima dictadura militar.<\/p>\n<p>Nueve personalidades pol\u00edticas ocuparon el principal cargo del Ejecutivo a partir de 1983. Desde Felipe Llaver, pasando por Jos\u00e9 Octavio Bord\u00f3n, Rodolfo Gabrielli, Arturo Lafalla, Roberto Iglesias, Julio Cobos, Celso Jaque, Francisco P\u00e9rez y Alfredo Cornejo, quien traspas\u00f3 el mando a Rodolfo Suarez.<\/p>\n<p>En retrospectiva, uno de los hitos es la asunci\u00f3n presidencial de Ra\u00fal Ricardo Alfons\u00edn, el 10 de diciembre de 1983, se convirti\u00f3 en uno de los pilares de la historia argentina contempor\u00e1nea, al marcar el retorno definitivo de la Democracia, que este martes cumple 30 a\u00f1os.<\/p>\n<p>A Llaver, quien obtuvo un fuerte apoyo de la ciudadan\u00eda en las urnas, lo sucedi\u00f3 el peronista Jos\u00e9 Octavio Bord\u00f3n (1987-1991), que inici\u00f3 de esta manera detr\u00e1s de \u00e9l una trilog\u00eda de gobernantes justicialistas. Bord\u00f3n fund\u00f3 el partido PAIS, que luego ser\u00eda parte del Frepaso. Este frente lo llev\u00f3 como candidato a Presidente de la Naci\u00f3n en las elecciones de 1995, cuando gan\u00f3 Carlos Sa\u00fal Menem.<\/p>\n<p>Rodolfo Gabrielli (1991-1995) y Arturo Lafalla (1995-1999) continuaron con la l\u00ednea justicialista, que en 1999 se cort\u00f3 con el triunfo de Roberto Iglesias con la Alianza, que integraban la Uni\u00f3n C\u00edvica Radical y el Frente Pa\u00eds Solidario (Frepaso).<\/p>\n<p>Iglesias entreg\u00f3 el mando en diciembre de 2003 a su candidato, Julio Cobos (2003-2007), quien se impuso en las elecciones celebradas ese a\u00f1o. Su mandato finaliz\u00f3 el 9 de diciembre de 2007 y sigui\u00f3 en ese cargo el justicialista Celso Jaque (2007-2011), quien fue sucedido por otro justicialista: Francisco P\u00e9rez (2011-2015). P\u00e9rez ya hab\u00eda tenido experiencia en el Ejecutivo Provincial, al ser ministro de Infraestructura, Vivienda y Transporte durante la gesti\u00f3n de su antecesor en el cargo.<\/p>\n<p>Con amplia trayectoria pol\u00edtica, llega a la Gobernaci\u00f3n Alfredo Cornejo (2015- 2019). Fue secretario de Gobierno en Godoy Cruz, senador provincial, ministro de Gobierno, ministro de Seguridad, diputado nacional, intendente de Godoy Cruz en dos per\u00edodos consecutivos, Gobernador saliente de Mendoza y continuar\u00e1 su tarea como diputado nacional (ver m\u00e1s en Alfredo Cornejo).<\/p>\n<h4><strong>Cronolog\u00eda de gobernadores desde el 1983 al 2019<\/strong><\/h4>\n<p>Santiago Felipe Llaver: 1983-1987.<\/p>\n<p>Jos\u00e9 Octavio Bord\u00f3n: 1987-1991.<\/p>\n<p>Rodolfo Gabrielli: 1991-1995.<\/p>\n<p>Arturo Lafalla: 1995-1999.<\/p>\n<p>Roberto Iglesias: 1999-2003.<\/p>\n<p>Julio Cleto Cobos: 2003-2007.<\/p>\n<p>Celso Jaque 2007-2011.<\/p>\n<p>Francisco P\u00e9rez: 2011-2015.<\/p>\n<p>Alfredo Cornejo: 2015-2019.<\/p>\n<h4><b>Cu\u00e1ndo, c\u00f3mo y qu\u00e9 de nueve gobernadores mendocinos<\/b><\/h4>\n<p><b><i>Santiago Felipe Llaver\u00a0<\/i><\/b><\/p>\n<p>Fue el primer gobernador electo democr\u00e1ticamente despu\u00e9s de la dictadura que sufri\u00f3 nuestro pa\u00eds. Oriundo del departamento de San Mart\u00edn, Santiago Felipe Llaver gobern\u00f3 la provincia desde 1983 hasta 1987. La f\u00f3rmula la comparti\u00f3 con Jos\u00e9 Genoud.<\/p>\n<p><b><i>Jos\u00e9 Octavio Bord\u00f3n<\/i><\/b><\/p>\n<p>El 11 de diciembre de 1987, Jos\u00e9 Octavio Bord\u00f3n asumi\u00f3 la Gobernaci\u00f3n de la Provincia. De profesi\u00f3n soci\u00f3logo y nacido en Rosario, Bord\u00f3n se instal\u00f3 en Mendoza desde joven y comenz\u00f3 su militancia en el Justicialismo.<\/p>\n<p>Con 42 a\u00f1os, enfrent\u00f3 a Ra\u00fal Baglini en las elecciones locales y logr\u00f3 el triunfo acompa\u00f1ado en la f\u00f3rmula por Arturo Lafalla.<\/p>\n<p><b><i>Rodolfo Gabrielli<\/i><\/b><\/p>\n<p>El Gobernador Jos\u00e9 Octavio Bord\u00f3n entreg\u00f3 el bast\u00f3n de mando de la Provincia al que hasta ese momento era su ministro de Econom\u00eda, Rodolfo Gabrielli.<\/p>\n<p>De formaci\u00f3n econ\u00f3mica y miembro de una familia tradicional, Rodolfo Gabrielli ocup\u00f3 el sill\u00f3n de San Mart\u00edn hasta diciembre de 1995, cuando lo sucedi\u00f3 Arturo Lafalla.<\/p>\n<p><b><i>Arturo Lafalla<\/i><\/b><\/p>\n<p>Nacido en San Rafael, a sus 51 a\u00f1os, Arturo Lafalla lleg\u00f3 a la Gobernaci\u00f3n de Mendoza en 1995. Anteriormente, el abogado hab\u00eda ocupado la Vicegobernaci\u00f3n de la Provincia durante el per\u00edodo de gobierno de Jos\u00e9 Octavio Bord\u00f3n, entre 1987 y 1991.<\/p>\n<p>Durante la gesti\u00f3n de Gabrielli, Lafalla fue ministro de Ambiente, Urbanismo y Vivienda.<\/p>\n<p><b><i>Roberto Iglesias<\/i><\/b><\/p>\n<p>De la Ciudad de Mendoza, el ingeniero Iglesias fue el segundo radical que lleg\u00f3 al sill\u00f3n de San Mart\u00edn, despu\u00e9s de la recuperaci\u00f3n de la Democracia.<\/p>\n<p>Iglesias ya hab\u00eda ejercido otros cargos electivos. Fue concejal de la Ciudad de Mendoza y ocup\u00f3 la intendencia de esa comuna por dos per\u00edodos: 1991-1995 y 1995-1999.<\/p>\n<p>Durante su gesti\u00f3n, y en coincidencia con el adverso panorama nacional, en Mendoza se vivieron graves momentos, producto de la crisis econ\u00f3mica que envolvi\u00f3 al pa\u00eds y que la Provincia pudo sobrellevar.<\/p>\n<p><b><i>Julio Cobos<\/i><\/b><\/p>\n<p>Fue decano de la Facultad Regional Mendoza de la Universidad Tecnol\u00f3gica Nacional (UTN) entre 1997 y 2003 y ministro de Obras P\u00fablicas de Roberto Iglesias por un breve per\u00edodo.<\/p>\n<p>Nacido en Godoy Cruz, Cobos se gradu\u00f3 como Ingeniero Civil en la casa de estudios que, tiempo despu\u00e9s, administrar\u00eda.<\/p>\n<p><b><i>Celso Jaque<\/i><\/b><\/p>\n<p>Oriundo de Malarg\u00fce, Celso Jaque fue diputado provincial de Mendoza entre 1991 y 1995. Luego se present\u00f3 para ejercer como intendente de su ciudad natal, Malarg\u00fce, y ocup\u00f3 el cargo por dos per\u00edodos: 1995-1999 y 1999-2003.<\/p>\n<p>En 2003 fue elegido senador nacional por Mendoza y el 28 de octubre de 2007 se impuso en las elecciones provinciales para Gobernador.<\/p>\n<p><b><i>Francisco P\u00e9rez<\/i><\/b><\/p>\n<p>En 2007, durante la Gobernaci\u00f3n de Celso Jaque, Francisco P\u00e9rez ocup\u00f3 el cargo de ministro de Infraestructura, Vivienda y Transporte.<\/p>\n<p>La f\u00f3rmula P\u00e9rez-Ciurca se impuso en las elecciones del 23 de octubre de 2011.<\/p>\n<p><b><i>Alfredo Cornejo<\/i><\/b><\/p>\n<p>El Gobernador saliente fue electo el 21 de junio de 2015 por el Frente Cambia Mendoza, para ejercer el cargo hasta hoy. Naci\u00f3 en Eugenio Bustos, departamento de San Carlos. Fue intendente de Godoy Cruz hasta 2015.<\/p>\n<p>En 1999 asumi\u00f3 como secretario de Gobierno del intendente de Godoy Cruz, C\u00e9sar Biffi. En abril de 2002 fue electo senador provincial por el tercer distrito. En diciembre de 2003, con la victoria del candidato radical a la Gobernaci\u00f3n Julio Cobos, asume como ministro de Gobierno. En febrero de 2005 se hace cargo de la cartera de Seguridad. En octubre de 2005, encabez\u00f3 la lista para diputados nacionales de la Uni\u00f3n C\u00edvica Radical de Mendoza. En 2007 asumi\u00f3 como intendente de Godoy Cruz y en 2011 fue reelecto y proclamado presidente de la Uni\u00f3n C\u00edvica Radical de Mendoza.<\/p>\n<p>Ya como Gobernador (2015), Cornejo impuls\u00f3 el proceso de modernizaci\u00f3n del Estado que supone una revisi\u00f3n de la manera en la que se prestan el servicio p\u00fablico en general y los esenciales en particular, enfocado desde la perspectiva tecnol\u00f3gica, la jerarquizaci\u00f3n del empleado p\u00fablico y el gerenciamiento de los recursos.<\/p>\n<h5><strong><em>A.C.<\/em><\/strong><\/h5>\n","protected":false},"excerpt":{"rendered":"<p>Desde la llegada de la Democracia en 1983, qui\u00e9nes fueron los gobernadores de Mendoza. Una peque\u00f1a referencia de cada mandatario. Rodolfo &#8230;<\/p>\n","protected":false},"author":7,"featured_media":48302,"comment_status":"open","ping_status":"open","sticky":false,"template":"","format":"standard","meta":{"footnotes":""},"categories":[5,7],"tags":[],"class_list":["post-62929","post","type-post","status-publish","format-standard","has-post-thumbnail","hentry","category-actualidad","category-politica"],"_links":{"self":[{"href":"https:\/\/vinasfm.com\/noticias\/wp-json\/wp\/v2\/posts\/62929","targetHints":{"allow":["GET"]}}],"collection":[{"href":"https:\/\/vinasfm.com\/noticias\/wp-json\/wp\/v2\/posts"}],"about":[{"href":"https:\/\/vinasfm.com\/noticias\/wp-json\/wp\/v2\/types\/post"}],"author":[{"embeddable":true,"href":"https:\/\/vinasfm.com\/noticias\/wp-json\/wp\/v2\/users\/7"}],"replies":[{"embeddable":true,"href":"https:\/\/vinasfm.com\/noticias\/wp-json\/wp\/v2\/comments?post=62929"}],"version-history":[{"count":1,"href":"https:\/\/vinasfm.com\/noticias\/wp-json\/wp\/v2\/posts\/62929\/revisions"}],"predecessor-version":[{"id":62930,"href":"https:\/\/vinasfm.com\/noticias\/wp-json\/wp\/v2\/posts\/62929\/revisions\/62930"}],"wp:featuredmedia":[{"embeddable":true,"href":"https:\/\/vinasfm.com\/noticias\/wp-json\/wp\/v2\/media\/48302"}],"wp:attachment":[{"href":"https:\/\/vinasfm.com\/noticias\/wp-json\/wp\/v2\/media?parent=62929"}],"wp:term":[{"taxonomy":"category","embeddable":true,"href":"https:\/\/vinasfm.com\/noticias\/wp-json\/wp\/v2\/categories?post=62929"},{"taxonomy":"post_tag","embeddable":true,"href":"https:\/\/vinasfm.com\/noticias\/wp-json\/wp\/v2\/tags?post=62929"}],"curies":[{"name":"wp","href":"https:\/\/api.w.org\/{rel}","templated":true}]}}