{"id":62828,"date":"2019-12-09T00:53:03","date_gmt":"2019-12-09T03:53:03","guid":{"rendered":"http:\/\/vinasfm.com\/noticias\/?p=62828"},"modified":"2019-12-09T09:53:52","modified_gmt":"2019-12-09T12:53:52","slug":"emotivo-reencuentro-de-la-academia-de-danzas-la-carreta-en-el-teatro-lafalla","status":"publish","type":"post","link":"https:\/\/vinasfm.com\/noticias\/emotivo-reencuentro-de-la-academia-de-danzas-la-carreta-en-el-teatro-lafalla\/","title":{"rendered":"EMOTIVO REENCUENTRO DE LA ACADEMIA DE DANZAS &#8216;LA CARRETA&#8217; EN EL TEATRO LAFALLA"},"content":{"rendered":"<h4 dir=\"ltr\"><strong>A sala llena se realiz\u00f3 el espect\u00e1culo de la Academia de Baile La Carreta, llamado \u00abRe Encuentro\u00bb. Una noche a pura emoci\u00f3n en el Antonio Lafalla.<\/strong><\/h4>\n<div dir=\"ltr\">Con la presencia de m\u00e1s de 70 personas sobre el escenario, pertenecientes no solo a la Academia La Carreta sino tambi\u00e9n a otras academias que estuvieron presentes, se llev\u00f3 adelante este gran espect\u00e1culo que convoc\u00f3 a una gran cantidad de p\u00fablico, tal es as\u00ed que el teatro se colm\u00f3 totalmente.<\/div>\n<div dir=\"ltr\"><\/div>\n<div dir=\"ltr\"><strong>Jorge Rubio<\/strong>, quien encabeza la tradicional Academia La Carreta, expres\u00f3 su orgullo por la noche que se vivi\u00f3: \u00ab<em>Hace cuatro a\u00f1os que no realizamos el encuentro que convocaba a academias de todo el Pa\u00eds, por eso tuvimos la idea de realizar este espect\u00e1culo con el grupo de adultos que hemos conformado<\/em>\u00ab.<\/div>\n<div dir=\"ltr\"><\/div>\n<div dir=\"ltr\">Entre los grupos que participaron estuvieron el Ballet Municipal, Ivi Dance, la Escuela Art\u00edstica Alberto Williams, la Academia Amanecer Cuyano y la escuela de danzas \u00e1rabes Al-Sham, quienes acompa\u00f1aron a los anfitriones de la Academia La Carreta.<\/div>\n<div dir=\"ltr\"><\/div>\n<div dir=\"ltr\">Quienes quieran sumarse a la academia, pueden acercarse a la Biblioteca Sarmiento los d\u00edas lunes, mi\u00e9rcoles y viernes a partir de las 21 hs.<\/div>\n<h5 dir=\"ltr\"><em>F.B. (F.M. Vi\u00f1as).<\/em><\/h5>\n","protected":false},"excerpt":{"rendered":"<p>A sala llena se realiz\u00f3 el espect\u00e1culo de la Academia de Baile La Carreta, llamado \u00abRe Encuentro\u00bb. Una noche a pura &#8230;<\/p>\n","protected":false},"author":8,"featured_media":62829,"comment_status":"open","ping_status":"open","sticky":false,"template":"","format":"standard","meta":{"footnotes":""},"categories":[5,19],"tags":[],"class_list":["post-62828","post","type-post","status-publish","format-standard","has-post-thumbnail","hentry","category-actualidad","category-cultura"],"_links":{"self":[{"href":"https:\/\/vinasfm.com\/noticias\/wp-json\/wp\/v2\/posts\/62828","targetHints":{"allow":["GET"]}}],"collection":[{"href":"https:\/\/vinasfm.com\/noticias\/wp-json\/wp\/v2\/posts"}],"about":[{"href":"https:\/\/vinasfm.com\/noticias\/wp-json\/wp\/v2\/types\/post"}],"author":[{"embeddable":true,"href":"https:\/\/vinasfm.com\/noticias\/wp-json\/wp\/v2\/users\/8"}],"replies":[{"embeddable":true,"href":"https:\/\/vinasfm.com\/noticias\/wp-json\/wp\/v2\/comments?post=62828"}],"version-history":[{"count":1,"href":"https:\/\/vinasfm.com\/noticias\/wp-json\/wp\/v2\/posts\/62828\/revisions"}],"predecessor-version":[{"id":62830,"href":"https:\/\/vinasfm.com\/noticias\/wp-json\/wp\/v2\/posts\/62828\/revisions\/62830"}],"wp:featuredmedia":[{"embeddable":true,"href":"https:\/\/vinasfm.com\/noticias\/wp-json\/wp\/v2\/media\/62829"}],"wp:attachment":[{"href":"https:\/\/vinasfm.com\/noticias\/wp-json\/wp\/v2\/media?parent=62828"}],"wp:term":[{"taxonomy":"category","embeddable":true,"href":"https:\/\/vinasfm.com\/noticias\/wp-json\/wp\/v2\/categories?post=62828"},{"taxonomy":"post_tag","embeddable":true,"href":"https:\/\/vinasfm.com\/noticias\/wp-json\/wp\/v2\/tags?post=62828"}],"curies":[{"name":"wp","href":"https:\/\/api.w.org\/{rel}","templated":true}]}}