{"id":62822,"date":"2019-12-07T18:04:41","date_gmt":"2019-12-07T21:04:41","guid":{"rendered":"http:\/\/vinasfm.com\/noticias\/?p=62822"},"modified":"2019-12-09T10:17:45","modified_gmt":"2019-12-09T13:17:45","slug":"alvear-vuelve-a-la-ruta-en-defensa-de-la-7722","status":"publish","type":"post","link":"https:\/\/vinasfm.com\/noticias\/alvear-vuelve-a-la-ruta-en-defensa-de-la-7722\/","title":{"rendered":"ALVEAR VOLVI\u00d3 A LA RUTA EN DEFENSA DE LA 7722"},"content":{"rendered":"<h4><strong>En la ma\u00f1ana de este s\u00e1bado, General Alvear volvi\u00f3 pac\u00edficamente a las rutas para defender la Ley 7.722 ante nuevos embates pol\u00edticos, medi\u00e1ticos y econ\u00f3micas por modificarla e incluso derogarla. Una panfleteada a la orilla de la Ruta 143 a la altura de La Olla en Real del Padre, es la metodolog\u00eda implementada para hacer escuchar el reclamo. En asamblea all\u00ed mismo, se definir\u00e1n los pasos a seguir.<\/strong><\/h4>\n<p>Lo m\u00e1s probable es que se comience con una vigilia en las rutas 188 y calle 25 en Bowen, en La Olla, en 143 y O, adem\u00e1s de un caravanazo hacia Mendoza en conjunto con San Carlos, en caso de que los proyectos avancen.<\/p>\n<p>En dialogo con F.M. Vi\u00f1as, Javier L\u00f3pez referente de la Multisectorial invit\u00f3 a todos a participar, \u201c<strong><em>esta instancia es grav\u00edsima porque aparentemente tienen el aval legislativo para modificarla. Necesitamos a toda la gente posible para realmente marcar presencia y fuerza dici\u00e9ndoles que no va a ser tan f\u00e1cil\u201d<\/em><\/strong>, sostuvo.<\/p>\n<p>L\u00f3pez<strong> critico duramente al arco pol\u00edtico<\/strong> <em>\u201centregado por los intereses que tiene cada uno\u201d<\/em>.<\/p>\n<p><em>\u201c\u00bfQuedan alternativas, es necesario cuando realmente tenemos una fuente de trabajo intacta que solamente hay que reflotar como la agroindustria, quieren someterla para que estas mega industrias se instalen y competir por el recurso h\u00eddrico?\u201d<\/em>, se\u00f1al\u00f3 haciendo referencia al slogan pro minero de generar fuentes de trabajo.<\/p>\n<p><a href=\"http:\/\/vinasfm.com\/noticias\/wp-content\/uploads\/2019\/12\/7722-LEY.jpeg\"><img loading=\"lazy\" decoding=\"async\" class=\" wp-image-62825 aligncenter\" src=\"http:\/\/vinasfm.com\/noticias\/wp-content\/uploads\/2019\/12\/7722-LEY-300x169.jpeg\" alt=\"\" width=\"710\" height=\"400\" srcset=\"https:\/\/vinasfm.com\/noticias\/wp-content\/uploads\/2019\/12\/7722-LEY-300x169.jpeg 300w, https:\/\/vinasfm.com\/noticias\/wp-content\/uploads\/2019\/12\/7722-LEY-768x432.jpeg 768w, https:\/\/vinasfm.com\/noticias\/wp-content\/uploads\/2019\/12\/7722-LEY-1024x576.jpeg 1024w, https:\/\/vinasfm.com\/noticias\/wp-content\/uploads\/2019\/12\/7722-LEY-1140x641.jpeg 1140w, https:\/\/vinasfm.com\/noticias\/wp-content\/uploads\/2019\/12\/7722-LEY.jpeg 1280w\" sizes=\"auto, (max-width: 710px) 100vw, 710px\" \/><\/a><\/p>\n<h5><strong><em>A.C.<\/em><\/strong><\/h5>\n","protected":false},"excerpt":{"rendered":"<p>En la ma\u00f1ana de este s\u00e1bado, General Alvear volvi\u00f3 pac\u00edficamente a las rutas para defender la Ley 7.722 ante nuevos embates &#8230;<\/p>\n","protected":false},"author":7,"featured_media":62824,"comment_status":"open","ping_status":"open","sticky":false,"template":"","format":"standard","meta":{"footnotes":""},"categories":[5,34,48],"tags":[],"class_list":["post-62822","post","type-post","status-publish","format-standard","has-post-thumbnail","hentry","category-actualidad","category-medio-ambiente","category-mineria"],"_links":{"self":[{"href":"https:\/\/vinasfm.com\/noticias\/wp-json\/wp\/v2\/posts\/62822","targetHints":{"allow":["GET"]}}],"collection":[{"href":"https:\/\/vinasfm.com\/noticias\/wp-json\/wp\/v2\/posts"}],"about":[{"href":"https:\/\/vinasfm.com\/noticias\/wp-json\/wp\/v2\/types\/post"}],"author":[{"embeddable":true,"href":"https:\/\/vinasfm.com\/noticias\/wp-json\/wp\/v2\/users\/7"}],"replies":[{"embeddable":true,"href":"https:\/\/vinasfm.com\/noticias\/wp-json\/wp\/v2\/comments?post=62822"}],"version-history":[{"count":1,"href":"https:\/\/vinasfm.com\/noticias\/wp-json\/wp\/v2\/posts\/62822\/revisions"}],"predecessor-version":[{"id":62902,"href":"https:\/\/vinasfm.com\/noticias\/wp-json\/wp\/v2\/posts\/62822\/revisions\/62902"}],"wp:featuredmedia":[{"embeddable":true,"href":"https:\/\/vinasfm.com\/noticias\/wp-json\/wp\/v2\/media\/62824"}],"wp:attachment":[{"href":"https:\/\/vinasfm.com\/noticias\/wp-json\/wp\/v2\/media?parent=62822"}],"wp:term":[{"taxonomy":"category","embeddable":true,"href":"https:\/\/vinasfm.com\/noticias\/wp-json\/wp\/v2\/categories?post=62822"},{"taxonomy":"post_tag","embeddable":true,"href":"https:\/\/vinasfm.com\/noticias\/wp-json\/wp\/v2\/tags?post=62822"}],"curies":[{"name":"wp","href":"https:\/\/api.w.org\/{rel}","templated":true}]}}