{"id":62776,"date":"2019-12-10T08:00:12","date_gmt":"2019-12-10T11:00:12","guid":{"rendered":"http:\/\/vinasfm.com\/noticias\/?p=62776"},"modified":"2019-12-10T08:27:57","modified_gmt":"2019-12-10T11:27:57","slug":"los-jardines-maternales-municipales-continuaran-funcionando-durante-las-vacaciones","status":"publish","type":"post","link":"https:\/\/vinasfm.com\/noticias\/los-jardines-maternales-municipales-continuaran-funcionando-durante-las-vacaciones\/","title":{"rendered":"LOS JARDINES MATERNALES MUNICIPALES CONTINUAR\u00c1N FUNCIONANDO DURANTE LAS VACACIONES"},"content":{"rendered":"<h4><strong>Desde la Direcci\u00f3n de Educaci\u00f3n de General Alvear informaron que el servicio educativo de origen social, integrado por cuatro proyectos de jardines maternales, no cesar\u00e1 durante el periodo de vacaciones y contar\u00e1 con m\u00faltiples actividades articuladas con otras \u00e1reas del municipio.<\/strong><\/h4>\n<p><strong>Norma Ruiz<\/strong>, <strong>Directora de Educaci\u00f3n<\/strong>, explic\u00f3: \u201c<em>Tenemos finalizado el memo n\u00famero 15 de la D.G.E del servicio educativo de origen social que tiene que ver con garantizar el servicio a los jardines maternales los 365 d\u00edas. Hemos trabajado para contarles a los vecinos que aquellos que tengan la necesidad de trabajar y dejar a un ni\u00f1o en un jard\u00edn, los maternales municipales y restantes garantizan este servicio en turno ma\u00f1ana, tarde y vespertino<\/em>\u201d.<\/p>\n<p>Se trabajar\u00e1 con una guardia pedag\u00f3gica y multi-salas para garantizar la licencia de los profesionales en educaci\u00f3n y sobre la merienda subray\u00f3:<em> \u201cCon este servicio garantizamos el servicio de refrigerio a los peque\u00f1os que asisten a los maternales municipales y restantes\u201d<\/em>.<\/p>\n<p>\u201c<em>Es una trabajo mancomunado para que los padres tengan derecho a descansar. En la colonia de vacaciones con la Direcci\u00f3n de deportes, vamos a trabajar en una articulaci\u00f3n con docentes de instituciones educativas para asistir a ni\u00f1os que van a merenderos y jardines de los distritos<\/em>. <em>Queremos que todos los ni\u00f1os tengan la posibilidad de acceder a la colonia de vacaciones\u201d.<\/em><\/p>\n<p>Respecto al acto de cierre de los jardines maternales se realizar\u00e1 el d\u00eda 07 de diciembre en el Multiespacio Bodega el Fara\u00f3n: \u201c<em>La idea es que otras \u00e1reas del Municipio acompa\u00f1en en el festejo donde todos los vecinos de General Alvear est\u00e1n invitados para visualizar el trabajo que se realiza durante el a\u00f1o en los jardines maternales municipales\u201d.<\/em><\/p>\n<h5><em>R.B. (F.M. Vi\u00f1as).<\/em><\/h5>\n","protected":false},"excerpt":{"rendered":"<p>Desde la Direcci\u00f3n de Educaci\u00f3n de General Alvear informaron que el servicio educativo de origen social, integrado por cuatro proyectos de &#8230;<\/p>\n","protected":false},"author":8,"featured_media":35348,"comment_status":"open","ping_status":"open","sticky":false,"template":"","format":"standard","meta":{"footnotes":""},"categories":[5,18],"tags":[],"class_list":["post-62776","post","type-post","status-publish","format-standard","has-post-thumbnail","hentry","category-actualidad","category-educacion"],"_links":{"self":[{"href":"https:\/\/vinasfm.com\/noticias\/wp-json\/wp\/v2\/posts\/62776","targetHints":{"allow":["GET"]}}],"collection":[{"href":"https:\/\/vinasfm.com\/noticias\/wp-json\/wp\/v2\/posts"}],"about":[{"href":"https:\/\/vinasfm.com\/noticias\/wp-json\/wp\/v2\/types\/post"}],"author":[{"embeddable":true,"href":"https:\/\/vinasfm.com\/noticias\/wp-json\/wp\/v2\/users\/8"}],"replies":[{"embeddable":true,"href":"https:\/\/vinasfm.com\/noticias\/wp-json\/wp\/v2\/comments?post=62776"}],"version-history":[{"count":1,"href":"https:\/\/vinasfm.com\/noticias\/wp-json\/wp\/v2\/posts\/62776\/revisions"}],"predecessor-version":[{"id":62788,"href":"https:\/\/vinasfm.com\/noticias\/wp-json\/wp\/v2\/posts\/62776\/revisions\/62788"}],"wp:featuredmedia":[{"embeddable":true,"href":"https:\/\/vinasfm.com\/noticias\/wp-json\/wp\/v2\/media\/35348"}],"wp:attachment":[{"href":"https:\/\/vinasfm.com\/noticias\/wp-json\/wp\/v2\/media?parent=62776"}],"wp:term":[{"taxonomy":"category","embeddable":true,"href":"https:\/\/vinasfm.com\/noticias\/wp-json\/wp\/v2\/categories?post=62776"},{"taxonomy":"post_tag","embeddable":true,"href":"https:\/\/vinasfm.com\/noticias\/wp-json\/wp\/v2\/tags?post=62776"}],"curies":[{"name":"wp","href":"https:\/\/api.w.org\/{rel}","templated":true}]}}