{"id":62719,"date":"2019-12-05T07:04:13","date_gmt":"2019-12-05T10:04:13","guid":{"rendered":"http:\/\/vinasfm.com\/noticias\/?p=62719"},"modified":"2019-12-06T09:10:30","modified_gmt":"2019-12-06T12:10:30","slug":"carmensa-un-camion-que-transportaba-manzanas-volco-en-ruta-143","status":"publish","type":"post","link":"https:\/\/vinasfm.com\/noticias\/carmensa-un-camion-que-transportaba-manzanas-volco-en-ruta-143\/","title":{"rendered":"CARMENSA: UN CAMI\u00d3N QUE TRANSPORTABA MANZANAS VOLC\u00d3 EN RUTA 143"},"content":{"rendered":"<h4><strong>En horas de la madrugada de este jueves un cami\u00f3n Scania con acoplado volc\u00f3 a la altura del <\/strong><strong>Km 407<\/strong><strong> de Ruta 143, a 5 kil\u00f3metros al sur de la entrada al distrito de Carmensa.<\/strong><\/h4>\n<p>El siniestro ocurri\u00f3 cerca de las <strong>04:10h<\/strong> luego de que el conductor, identificado como <strong>Emilio Sebastian Gil<\/strong> (32), que circulaba con direcci\u00f3n al norte, perdiera el dominio del rodado. Junto a \u00e9l viajaba su mujer (26) y su hijo (4), quienes no resultaron lesionados producto del accidente.<\/p>\n<p>El cami\u00f3n, que transportaba manzanas hacia el departamento de Guaymall\u00e9n, qued\u00f3 sobre la calzada por lo que desde Polic\u00eda Vial aconsejaron manejar con precauci\u00f3n la zona ya que est\u00e1n regulando el tr\u00e1nsito para remover el cami\u00f3n y acoplado, previo descarga del mismo.<\/p>\n<h5><em>F.B. (F.M. Vi\u00f1as).<\/em><\/h5>\n","protected":false},"excerpt":{"rendered":"<p>En horas de la madrugada de este jueves un cami\u00f3n Scania con acoplado volc\u00f3 a la altura del Km 407 de &#8230;<\/p>\n","protected":false},"author":8,"featured_media":62724,"comment_status":"open","ping_status":"open","sticky":false,"template":"","format":"standard","meta":{"footnotes":""},"categories":[5,4],"tags":[],"class_list":["post-62719","post","type-post","status-publish","format-standard","has-post-thumbnail","hentry","category-actualidad","category-policiales"],"_links":{"self":[{"href":"https:\/\/vinasfm.com\/noticias\/wp-json\/wp\/v2\/posts\/62719","targetHints":{"allow":["GET"]}}],"collection":[{"href":"https:\/\/vinasfm.com\/noticias\/wp-json\/wp\/v2\/posts"}],"about":[{"href":"https:\/\/vinasfm.com\/noticias\/wp-json\/wp\/v2\/types\/post"}],"author":[{"embeddable":true,"href":"https:\/\/vinasfm.com\/noticias\/wp-json\/wp\/v2\/users\/8"}],"replies":[{"embeddable":true,"href":"https:\/\/vinasfm.com\/noticias\/wp-json\/wp\/v2\/comments?post=62719"}],"version-history":[{"count":1,"href":"https:\/\/vinasfm.com\/noticias\/wp-json\/wp\/v2\/posts\/62719\/revisions"}],"predecessor-version":[{"id":62730,"href":"https:\/\/vinasfm.com\/noticias\/wp-json\/wp\/v2\/posts\/62719\/revisions\/62730"}],"wp:featuredmedia":[{"embeddable":true,"href":"https:\/\/vinasfm.com\/noticias\/wp-json\/wp\/v2\/media\/62724"}],"wp:attachment":[{"href":"https:\/\/vinasfm.com\/noticias\/wp-json\/wp\/v2\/media?parent=62719"}],"wp:term":[{"taxonomy":"category","embeddable":true,"href":"https:\/\/vinasfm.com\/noticias\/wp-json\/wp\/v2\/categories?post=62719"},{"taxonomy":"post_tag","embeddable":true,"href":"https:\/\/vinasfm.com\/noticias\/wp-json\/wp\/v2\/tags?post=62719"}],"curies":[{"name":"wp","href":"https:\/\/api.w.org\/{rel}","templated":true}]}}