{"id":62672,"date":"2019-12-04T11:15:30","date_gmt":"2019-12-04T14:15:30","guid":{"rendered":"http:\/\/vinasfm.com\/noticias\/?p=62672"},"modified":"2019-12-05T10:05:32","modified_gmt":"2019-12-05T13:05:32","slug":"sintesis-policial-robaron-mercaderia-en-dos-comercios-y-una-moto-en-el-b-san-carlos","status":"publish","type":"post","link":"https:\/\/vinasfm.com\/noticias\/sintesis-policial-robaron-mercaderia-en-dos-comercios-y-una-moto-en-el-b-san-carlos\/","title":{"rendered":"S\u00cdNTESIS POLICIAL: ROBARON MERCADER\u00cdA EN DOS COMERCIOS Y UNA MOTO EN EL B\u00b0 SAN CARLOS"},"content":{"rendered":"<p><strong>La ola delictiva que azota a nuestro departamento parece no mermar ya que a diario se registran distintos hechos que condicionan la vida de los alvearenses optando por nuevos m\u00e9todos de seguridad para evitar ser v\u00edctimas de este flagelo. En este informe te describimos lo acontecido en las \u00faltimas horas en materia policial:<\/strong><\/p>\n<ul>\n<li><strong>ROBO EN UN COMERCIO DE AVENIDA LIBERTADOR SUR<\/strong><\/li>\n<\/ul>\n<p>Un local comercial ubicado en <strong>Avenida Libertador Sur 270<\/strong> fue visitado por \u201c<em>amigos de lo ajeno<\/em>\u201d. La denuncia fue radicada por la propietaria (20) donde expuso que, previo da\u00f1arle la puerta de ingreso del local, delincuentes le <strong>sustrajeron 18 botellas con agua saborizada y un pack de energizantes marca \u2018<em>Speed<\/em>\u2019<\/strong>. \u00a0\u201c<em>Averiguaci\u00f3n robo<\/em>\u201d es la caratula por la que se instruye el hecho.<\/p>\n<ul>\n<li><strong>ROBARON UNA MOTO EN EL B\u00b0 SAN CARLOS<\/strong><\/li>\n<\/ul>\n<p>Una <strong>moto Zanella 110cc<\/strong> fue sustra\u00edda en las \u00faltimas horas de la vereda de una vivienda ubicada en <strong>calle Pedro Goyena y Arist\u00f3bulo del Valle<\/strong>. El due\u00f1o (26) denunci\u00f3 que hab\u00eda dejado el rodado sin medidas de seguridad y cuando sali\u00f3 de la casa constat\u00f3 el faltante del mismo. Radic\u00f3 la denuncia correspondiente por lo que se labraron actuaciones en \u201c<em>averiguaci\u00f3n hurto agravado<\/em>\u201d bajo instrucci\u00f3n de la Oficina Fiscal de Gral. Alvear.<\/p>\n<ul>\n<li><strong>DA\u00d1ARON LA VENTANA DE UNA VINERIA Y SUSTRAJERON MERCADER\u00cdAS VARIAS<\/strong><\/li>\n<\/ul>\n<p>En <strong>horas de la madrugada<\/strong> de este mi\u00e9rcoles una <strong>viner\u00eda<\/strong> ubicada en la esquina de calle <strong>Roque S\u00e1enz Pe\u00f1a y Avenida Libertador Norte<\/strong> fue escenario de un robo. El due\u00f1o denunci\u00f3 que al llegar a primera hora de esta ma\u00f1ana observ\u00f3 que la ventana del local estaba da\u00f1ada por lo que al ingresar constat\u00f3 el faltante de varios <strong>paquetes de cigarrillos<\/strong>, <strong>encendedores<\/strong>, <strong>maquinas de afeitar<\/strong>\u00a0y <strong>mercader\u00edas varias<\/strong>. Se labraron actuaciones en \u201c<em>averiguaci\u00f3n robo<\/em>\u201d en Comisar\u00eda 14\u00aa.<\/p>\n<h5><em>F.B. (F.M. Vi\u00f1as).<\/em><\/h5>\n","protected":false},"excerpt":{"rendered":"<p>La ola delictiva que azota a nuestro departamento parece no mermar ya que a diario se registran distintos hechos que condicionan &#8230;<\/p>\n","protected":false},"author":8,"featured_media":46754,"comment_status":"open","ping_status":"open","sticky":false,"template":"","format":"standard","meta":{"footnotes":""},"categories":[5,7],"tags":[],"class_list":["post-62672","post","type-post","status-publish","format-standard","has-post-thumbnail","hentry","category-actualidad","category-politica"],"_links":{"self":[{"href":"https:\/\/vinasfm.com\/noticias\/wp-json\/wp\/v2\/posts\/62672","targetHints":{"allow":["GET"]}}],"collection":[{"href":"https:\/\/vinasfm.com\/noticias\/wp-json\/wp\/v2\/posts"}],"about":[{"href":"https:\/\/vinasfm.com\/noticias\/wp-json\/wp\/v2\/types\/post"}],"author":[{"embeddable":true,"href":"https:\/\/vinasfm.com\/noticias\/wp-json\/wp\/v2\/users\/8"}],"replies":[{"embeddable":true,"href":"https:\/\/vinasfm.com\/noticias\/wp-json\/wp\/v2\/comments?post=62672"}],"version-history":[{"count":1,"href":"https:\/\/vinasfm.com\/noticias\/wp-json\/wp\/v2\/posts\/62672\/revisions"}],"predecessor-version":[{"id":62682,"href":"https:\/\/vinasfm.com\/noticias\/wp-json\/wp\/v2\/posts\/62672\/revisions\/62682"}],"wp:featuredmedia":[{"embeddable":true,"href":"https:\/\/vinasfm.com\/noticias\/wp-json\/wp\/v2\/media\/46754"}],"wp:attachment":[{"href":"https:\/\/vinasfm.com\/noticias\/wp-json\/wp\/v2\/media?parent=62672"}],"wp:term":[{"taxonomy":"category","embeddable":true,"href":"https:\/\/vinasfm.com\/noticias\/wp-json\/wp\/v2\/categories?post=62672"},{"taxonomy":"post_tag","embeddable":true,"href":"https:\/\/vinasfm.com\/noticias\/wp-json\/wp\/v2\/tags?post=62672"}],"curies":[{"name":"wp","href":"https:\/\/api.w.org\/{rel}","templated":true}]}}