{"id":62629,"date":"2019-12-04T08:31:38","date_gmt":"2019-12-04T11:31:38","guid":{"rendered":"http:\/\/vinasfm.com\/noticias\/?p=62629"},"modified":"2019-12-05T08:55:48","modified_gmt":"2019-12-05T11:55:48","slug":"hoy-asumen-los-nuevos-concejales-de-general-alvear","status":"publish","type":"post","link":"https:\/\/vinasfm.com\/noticias\/hoy-asumen-los-nuevos-concejales-de-general-alvear\/","title":{"rendered":"HOY ASUMEN LOS NUEVOS CONCEJALES DE GENERAL ALVEAR"},"content":{"rendered":"<h4><strong>Este mi\u00e9rcoles asumen los nuevos concejales de General Alvear, electos el 29 de septiembre. El acto de asunci\u00f3n ser\u00e1 a las 20:30 horas en el sal\u00f3n San Mart\u00edn del Honorable Concejo Deliberante.<\/strong><\/h4>\n<p>Recordemos que los ediles asumen antes que el titular del ejecutivo ya que deben prestarle previamente juramento, en este caso al reelecto Lic. Walther Marcolini, el pr\u00f3ximo 10 de diciembre.<\/p>\n<h4><strong>\u00bfQUI\u00c9N SE VAN, QUIENES CONTIN\u00daAN Y QUIENES INGRESAN?<\/strong><\/h4>\n<p>Tras la victoria obtenida por el Frente Cambia Mendoza (UCR y PRO) en las elecciones del 29 de septiembre, el oficialismo continuar\u00e1 teniendo mayor\u00eda en el cuerpo legislativo con 6 ediles propios y 4 opositores (PJ).\u00a0<strong>La Uni\u00f3n C\u00edvica Radical contar\u00e1 con 5 concejales, el PRO con 1 y el PJ con 4<\/strong>. Adem\u00e1s<strong>\u00a0habr\u00e1 paridad de g\u00e9nero con 5 ediles de cada sexo.<\/strong><\/p>\n<p><em><strong>Se van:<\/strong>\u00a0<\/em><strong>Nancy Vinitchenko y Felix Grasso<\/strong>\u00a0por la UCR; S<strong>ebasti\u00e1n Martinez Bar\u00f3n<\/strong>\u00a0del PRO;\u00a0<strong>Mar\u00eda Rosa Leico y Gustavo Vendram\u00edn<\/strong>\u00a0por el PJ.<\/p>\n<p><em><strong>Se quedan:<\/strong><\/em>\u00a0Con dos a\u00f1os de mandato por cumplir contin\u00faan\u00a0<strong>Alejandra Torti y Pablo Longo<\/strong>\u00a0por la UCR;\u00a0<strong>Daniel L\u00f3pez<\/strong>\u00a0por el PRO;\u00a0<strong>Javier Garc\u00eda y Myrna Osorio<\/strong>\u00a0por el PJ.<\/p>\n<p><strong><em>Ingresan por el periodo 2.019 &#8211; 2.023:<\/em>\u00a0Patricia Salice, Jos\u00e9 Mor\u00e1n y Mabel Ucelli<\/strong>\u00a0por la UCR. Por el PJ asumir\u00e1n\u00a0<strong>Ariel Andres y Hebe Katzer.<\/strong><\/p>\n<h5><strong><em>A.C.<\/em><\/strong><\/h5>\n","protected":false},"excerpt":{"rendered":"<p>Este mi\u00e9rcoles asumen los nuevos concejales de General Alvear, electos el 29 de septiembre. El acto de asunci\u00f3n ser\u00e1 a las &#8230;<\/p>\n","protected":false},"author":7,"featured_media":45436,"comment_status":"open","ping_status":"open","sticky":false,"template":"","format":"standard","meta":{"footnotes":""},"categories":[1],"tags":[],"class_list":["post-62629","post","type-post","status-publish","format-standard","has-post-thumbnail","hentry","category-fmvinas"],"_links":{"self":[{"href":"https:\/\/vinasfm.com\/noticias\/wp-json\/wp\/v2\/posts\/62629","targetHints":{"allow":["GET"]}}],"collection":[{"href":"https:\/\/vinasfm.com\/noticias\/wp-json\/wp\/v2\/posts"}],"about":[{"href":"https:\/\/vinasfm.com\/noticias\/wp-json\/wp\/v2\/types\/post"}],"author":[{"embeddable":true,"href":"https:\/\/vinasfm.com\/noticias\/wp-json\/wp\/v2\/users\/7"}],"replies":[{"embeddable":true,"href":"https:\/\/vinasfm.com\/noticias\/wp-json\/wp\/v2\/comments?post=62629"}],"version-history":[{"count":1,"href":"https:\/\/vinasfm.com\/noticias\/wp-json\/wp\/v2\/posts\/62629\/revisions"}],"predecessor-version":[{"id":62631,"href":"https:\/\/vinasfm.com\/noticias\/wp-json\/wp\/v2\/posts\/62629\/revisions\/62631"}],"wp:featuredmedia":[{"embeddable":true,"href":"https:\/\/vinasfm.com\/noticias\/wp-json\/wp\/v2\/media\/45436"}],"wp:attachment":[{"href":"https:\/\/vinasfm.com\/noticias\/wp-json\/wp\/v2\/media?parent=62629"}],"wp:term":[{"taxonomy":"category","embeddable":true,"href":"https:\/\/vinasfm.com\/noticias\/wp-json\/wp\/v2\/categories?post=62629"},{"taxonomy":"post_tag","embeddable":true,"href":"https:\/\/vinasfm.com\/noticias\/wp-json\/wp\/v2\/tags?post=62629"}],"curies":[{"name":"wp","href":"https:\/\/api.w.org\/{rel}","templated":true}]}}