{"id":62431,"date":"2019-11-30T00:44:25","date_gmt":"2019-11-30T03:44:25","guid":{"rendered":"http:\/\/vinasfm.com\/noticias\/?p=62431"},"modified":"2019-12-02T10:22:58","modified_gmt":"2019-12-02T13:22:58","slug":"gran-kermes-educativa-y-saludable-en-el-dia-de-las-ciudades-educadoras","status":"publish","type":"post","link":"https:\/\/vinasfm.com\/noticias\/gran-kermes-educativa-y-saludable-en-el-dia-de-las-ciudades-educadoras\/","title":{"rendered":"GRAN KERM\u00c9S EDUCATIVA Y SALUDABLE POR EL D\u00cdA DE LAS CIUDADES EDUCADORAS"},"content":{"rendered":"<p dir=\"ltr\">Este 30 de noviembre se festeja en todo el mundo el D\u00eda Internacional de Ciudades Educadoras. En el marco del festejo, se realiz\u00f3 un acto oficial y una edici\u00f3n m\u00e1s de la Kerm\u00e9s Educativa y Saludable en nuestro Departamento.<\/p>\n<p dir=\"ltr\">Como cada 30 de noviembre se celebra el D\u00eda Internacional de Ciudades Educadoras, General Alvear es parte de este festejo ya que desde el comienzo de esta gesti\u00f3n lleva adelante acciones tendientes a cimentar las bases de un departamento con este perfil. En este marco es que se llev\u00f3 adelante la Kerm\u00e9s Educativa Saludable en comunidad con otras 530 ciudades del mundo, generando una potente red internacional de Ciudades Educadoras, y que tiene que ver con pensar la ciudad en t\u00e9rminos inclusivos poniendo en el primer nivel de la agenda p\u00fablica a la educaci\u00f3n como herramienta transformadora.<\/p>\n<p dir=\"ltr\">El intendente Walther Marcolini ley\u00f3 el Manifiesto de Ciudades Educadoras en el que remarc\u00f3 la importancia que tiene la educaci\u00f3n en una comunidad: \u201cAlvear ha realizado un esfuerzo enorme en los \u00faltimos cuatro a\u00f1os, primero al integrarse a la red en donde participan ciudades de distintos tama\u00f1os con realidades diferentes, lo que nos pone en un plano de igualdad que tiene como \u00fanico concepto el que en cada comunidad local se pueden trabajar valores comunes y compartidos, tendientes a la paz, la solidaridad y crear un mundo m\u00e1s sostenible\u201d explic\u00f3 el intendente.<\/p>\n<p dir=\"ltr\">Cabe destacar que el intendente Walther Marcolini se reuni\u00f3 hace algunas semanas en Europa con\u00a0 la Secretaria General de Ciudades Educadoras Marina Canals Ramoneda quien destac\u00f3 la labor del departamento: \u201cGeneral Alvear es un municipio muy activo desde el primer d\u00eda, algunas acciones como las Cooperativas Escolares fue seleccionada para darlas a conocer a los miembros de la asociaci\u00f3n y nos pareci\u00f3 una experiencia interesant\u00edsima y hoy forma parte del banco internacional de documentos de la asociaci\u00f3n\u201d.<\/p>\n<p dir=\"ltr\">Esta Kerm\u00e9s Educativa y Saludable estuvo bajo la coordinaci\u00f3n de Cooperaci\u00f3n Internacional,\u00a0 Educaci\u00f3n, \u00c1rea de Municipio Saludable de la Municipalidad adem\u00e1s participaron todas las \u00e1rea Desarrollo Social, Salud y Discapacidad, Deporte, Recreaci\u00f3n Actividad F\u00edsica, Ciencia y Tecnolog\u00eda, Medicina Laboral, Asesor\u00eda de Mujer y Familia, Discapacidad, Defensa Civil, Gesti\u00f3n Ambiental, Turismo.<\/p>\n<p dir=\"ltr\">Anal\u00eda Garc\u00eda, del \u00e1rea de Municipio Saludable, destac\u00f3 la participaci\u00f3n de distintas instituciones que tienen que ver con la salud y la educaci\u00f3n. \u201cLa tem\u00e1tica es la misma de otros a\u00f1os, la idea es que cada instituci\u00f3n muestre actividades relacionadas con la salud y que los ni\u00f1os se puedan llevar una ense\u00f1anza, m\u00e1s all\u00e1 de un simple folleto\u201d expres\u00f3 Garc\u00eda.<\/p>\n<p dir=\"ltr\">Para concluir la actividad, las instituciones participantes construyeron un barco con materiales reciclables, donde se expres\u00f3 un deseo para nuestra Ciudad y se coloc\u00f3 en la fuente principal de la plaza departamental. Adem\u00e1s desde la Direcci\u00f3n de Gesti\u00f3n Ambiental se intercambiaron cinco botellas de pl\u00e1stico a cambio de un kilo de compost.<\/p>\n<p dir=\"ltr\">F.B. (F.M. Vi\u00f1as).<\/p>\n","protected":false},"excerpt":{"rendered":"<p>Este 30 de noviembre se festeja en todo el mundo el D\u00eda Internacional de Ciudades Educadoras. En el marco del festejo, &#8230;<\/p>\n","protected":false},"author":8,"featured_media":62432,"comment_status":"open","ping_status":"open","sticky":false,"template":"","format":"standard","meta":{"footnotes":""},"categories":[5],"tags":[],"class_list":["post-62431","post","type-post","status-publish","format-standard","has-post-thumbnail","hentry","category-actualidad"],"_links":{"self":[{"href":"https:\/\/vinasfm.com\/noticias\/wp-json\/wp\/v2\/posts\/62431","targetHints":{"allow":["GET"]}}],"collection":[{"href":"https:\/\/vinasfm.com\/noticias\/wp-json\/wp\/v2\/posts"}],"about":[{"href":"https:\/\/vinasfm.com\/noticias\/wp-json\/wp\/v2\/types\/post"}],"author":[{"embeddable":true,"href":"https:\/\/vinasfm.com\/noticias\/wp-json\/wp\/v2\/users\/8"}],"replies":[{"embeddable":true,"href":"https:\/\/vinasfm.com\/noticias\/wp-json\/wp\/v2\/comments?post=62431"}],"version-history":[{"count":2,"href":"https:\/\/vinasfm.com\/noticias\/wp-json\/wp\/v2\/posts\/62431\/revisions"}],"predecessor-version":[{"id":62436,"href":"https:\/\/vinasfm.com\/noticias\/wp-json\/wp\/v2\/posts\/62431\/revisions\/62436"}],"wp:featuredmedia":[{"embeddable":true,"href":"https:\/\/vinasfm.com\/noticias\/wp-json\/wp\/v2\/media\/62432"}],"wp:attachment":[{"href":"https:\/\/vinasfm.com\/noticias\/wp-json\/wp\/v2\/media?parent=62431"}],"wp:term":[{"taxonomy":"category","embeddable":true,"href":"https:\/\/vinasfm.com\/noticias\/wp-json\/wp\/v2\/categories?post=62431"},{"taxonomy":"post_tag","embeddable":true,"href":"https:\/\/vinasfm.com\/noticias\/wp-json\/wp\/v2\/tags?post=62431"}],"curies":[{"name":"wp","href":"https:\/\/api.w.org\/{rel}","templated":true}]}}