{"id":62336,"date":"2019-11-28T07:23:16","date_gmt":"2019-11-28T10:23:16","guid":{"rendered":"http:\/\/vinasfm.com\/noticias\/?p=62336"},"modified":"2019-11-28T07:23:16","modified_gmt":"2019-11-28T10:23:16","slug":"la-dge-presento-las-carreras-prioritarias-de-nivel-superior-para-el-ciclo-lectivo-2020","status":"publish","type":"post","link":"https:\/\/vinasfm.com\/noticias\/la-dge-presento-las-carreras-prioritarias-de-nivel-superior-para-el-ciclo-lectivo-2020\/","title":{"rendered":"LA DGE PRESENT\u00d3 LAS CARRERAS PRIORITARIAS DE NIVEL SUPERIOR PARA EL CICLO LECTIVO 2020"},"content":{"rendered":"<h4>Toda la oferta educativa del nivel fue pensada para acompa\u00f1ar a los planes estrat\u00e9gicos de desarrollo regional. Adem\u00e1s, Mendoza implementar\u00e1 carreras nuevas que se podr\u00e1n cursar por primera vez en el pa\u00eds.<\/h4>\n<p>El director general de Escuelas, Jaime Correas, junto a la coordinadora de Educaci\u00f3n Superior, Emma Cunietti, compartieron, a trav\u00e9s de una conferencia de prensa realizada este mi\u00e9rcoles en la Casa de Gobierno, un balance sobre el Plan de Mejora del Sistema de Formaci\u00f3n Docente que se implement\u00f3 durante la gesti\u00f3n y las carreras prioritarias que la provincia de Mendoza tendr\u00e1 para el ciclo lectivo 2020.<\/p>\n<p>\u201cMendoza es la provincia a nivel nacional que m\u00e1s cambios ha realizado en el nivel superior. Implementamos distintas pol\u00edticas que fueron desde la generaci\u00f3n de becas docentes, hasta la implementaci\u00f3n del concurso directivo a trav\u00e9s de los institutos de educaci\u00f3n superior\u201d, dijo Correas.<\/p>\n<p>\u201cLos cambios surgieron a partir de dos decretos que implement\u00f3 el Gobernador Cornejo y que desde la coordinaci\u00f3n de Educaci\u00f3n Superior, a trav\u00e9s de pol\u00edticas transparentes, aplicaron para mejorar la calidad educativa\u201d, se\u00f1al\u00f3 el titular de la DGE. Tambi\u00e9n destac\u00f3 la importancia de la resoluci\u00f3n sobre las carreras prioritarias y la decisi\u00f3n de elegir carreras que acompa\u00f1en el plan de desarrollo estrat\u00e9gico de la regi\u00f3n.<\/p>\n<p>Por su parte, la coordinadora de Educaci\u00f3n Superior, Emma Cunietti, explic\u00f3 en la resoluci\u00f3n se estableci\u00f3 que las carreras prioritarias de 2020 ser\u00e1n los profesorados de Educaci\u00f3n Primaria, Matem\u00e1tica, F\u00edsica, Qu\u00edmica, Educaci\u00f3n Especial, Inform\u00e1tica y rob\u00f3tica, Geograf\u00eda e Ingl\u00e9s.<\/p>\n<p>\u201cCon respecto a las carreras t\u00e9cnicas, ser\u00e1n enfermer\u00eda, construcciones, petr\u00f3leo y gas, miner\u00eda, computaci\u00f3n y redes, desarrollo de\u00a0<em>software<\/em>\u00a0y metalmec\u00e1nica\u201d, inform\u00f3 Cunietti. A estas carreras hemos arribado a trav\u00e9s de un estudio que nos permiti\u00f3 ver las vacancias reales, la cantidad de docentes que se van a jubilar y el crecimiento vegetativo del sistema. Tambi\u00e9n, el Ministerio de Econom\u00eda nos se\u00f1al\u00f3 y ayud\u00f3 a construir escenarios para priorizar las carreras\u201d, sostuvo Cunietti.<\/p>\n<p>\u201cCabe destacar que Inform\u00e1tica y rob\u00f3tica y Metalmec\u00e1nica son carreras nuevas en el pa\u00eds\u201d, dijo Cunietti. Adem\u00e1s, mostr\u00f3 un documento donde est\u00e1n registrados todos los datos que se obtuvieron y que fueron la base para plantear las reformas que mejorar\u00e1n la calidad educativa de la provincia de Mendoza.<\/p>\n<p><strong>Toda la oferta educativa y las carreras prioritarias<\/strong><\/p>\n<p>En este enlace se puede consultar toda la oferta educativa de 2019 y 2020:\u00a0\u00a0<a href=\"http:\/\/www.mendoza.edu.ar\/cges\/\">http:\/\/www.mendoza.edu.ar\/cges\/<\/a><\/p>\n<p><a href=\"http:\/\/www.prensa.mendoza.gov.ar\/wp-content\/uploads\/sites\/5\/2019\/11\/Carreras-prioritarias.pdf\">Carreras prioritarias<\/a><\/p>\n<h5><strong><em>A.C.<\/em><\/strong><\/h5>\n","protected":false},"excerpt":{"rendered":"<p>Toda la oferta educativa del nivel fue pensada para acompa\u00f1ar a los planes estrat\u00e9gicos de desarrollo regional. Adem\u00e1s, Mendoza implementar\u00e1 carreras &#8230;<\/p>\n","protected":false},"author":7,"featured_media":45435,"comment_status":"open","ping_status":"open","sticky":false,"template":"","format":"standard","meta":{"footnotes":""},"categories":[5,18],"tags":[],"class_list":["post-62336","post","type-post","status-publish","format-standard","has-post-thumbnail","hentry","category-actualidad","category-educacion"],"_links":{"self":[{"href":"https:\/\/vinasfm.com\/noticias\/wp-json\/wp\/v2\/posts\/62336","targetHints":{"allow":["GET"]}}],"collection":[{"href":"https:\/\/vinasfm.com\/noticias\/wp-json\/wp\/v2\/posts"}],"about":[{"href":"https:\/\/vinasfm.com\/noticias\/wp-json\/wp\/v2\/types\/post"}],"author":[{"embeddable":true,"href":"https:\/\/vinasfm.com\/noticias\/wp-json\/wp\/v2\/users\/7"}],"replies":[{"embeddable":true,"href":"https:\/\/vinasfm.com\/noticias\/wp-json\/wp\/v2\/comments?post=62336"}],"version-history":[{"count":1,"href":"https:\/\/vinasfm.com\/noticias\/wp-json\/wp\/v2\/posts\/62336\/revisions"}],"predecessor-version":[{"id":62337,"href":"https:\/\/vinasfm.com\/noticias\/wp-json\/wp\/v2\/posts\/62336\/revisions\/62337"}],"wp:featuredmedia":[{"embeddable":true,"href":"https:\/\/vinasfm.com\/noticias\/wp-json\/wp\/v2\/media\/45435"}],"wp:attachment":[{"href":"https:\/\/vinasfm.com\/noticias\/wp-json\/wp\/v2\/media?parent=62336"}],"wp:term":[{"taxonomy":"category","embeddable":true,"href":"https:\/\/vinasfm.com\/noticias\/wp-json\/wp\/v2\/categories?post=62336"},{"taxonomy":"post_tag","embeddable":true,"href":"https:\/\/vinasfm.com\/noticias\/wp-json\/wp\/v2\/tags?post=62336"}],"curies":[{"name":"wp","href":"https:\/\/api.w.org\/{rel}","templated":true}]}}