{"id":62313,"date":"2019-11-28T00:05:58","date_gmt":"2019-11-28T03:05:58","guid":{"rendered":"http:\/\/vinasfm.com\/noticias\/?p=62313"},"modified":"2019-11-28T00:06:17","modified_gmt":"2019-11-28T03:06:17","slug":"62313-2","status":"publish","type":"post","link":"https:\/\/vinasfm.com\/noticias\/62313-2\/","title":{"rendered":"MENDOZA TENDR\u00c1 $400 MILLONES DEL BANCO NACI\u00d3N PARA COSECHA Y ACARREO VITIVIN\u00cdCOLA"},"content":{"rendered":"<h4><strong>Es para la operatoria 2019-2020, que se complementar\u00e1 con el aporte del Fondo para la Transformaci\u00f3n y el Crecimiento.<\/strong><\/h4>\n<p><strong>Las micro, peque\u00f1as y medianas empresas que desarrollen actividad vitivin\u00edcola en la provincia podr\u00e1n acceder al fondo de $400 millones que el Ministerio de Econom\u00eda, Infraestructura y Energ\u00eda ha puesto a disposici\u00f3n para la l\u00ednea de Cosecha y Acarreo temporada 2019-2020.<\/strong><\/p>\n<p>Este fondo<strong>, aportado para este fin por el Banco Naci\u00f3n<\/strong>, <strong>ser\u00e1 complementado con aportes que el Estado provincial realizar\u00e1 a trav\u00e9s del Fondo para la Transformaci\u00f3n y el Crecimiento para que los productores de toda la provincia puedan levantar la cosecha durante los primeros meses del a\u00f1o pr\u00f3ximo.<\/strong><\/p>\n<p><em>\u201cFue un gran trabajo en conjunto realizado con Ercilia Nofal y el equipo del ministerio, que hoy nos permite tener asegurado el dinero para que el sector primario puede desarrollar los trabajos de cosecha y acarreo de cara a la pr\u00f3xima temporada\u201d,<\/em> explic\u00f3 <strong>Mart\u00edn Kerchner, ministro de Econom\u00eda, Infraestructura y Energ\u00eda.<\/strong><\/p>\n<p><strong>El cr\u00e9dito estar\u00e1 disponible a trav\u00e9s del Fondo para la Transformaci\u00f3n y el Crecimiento, que aportar\u00e1 un adicional de partidas como contraparte.<\/strong><\/p>\n<p>El objetivo de la l\u00ednea de cr\u00e9dito es <strong>asistir financieramente a productores vit\u00edcolas y a cooperativas vitivin\u00edcolas autorizadas, como tambi\u00e9n a establecimientos inscriptos en el INV, cuyos emprendimientos se encuentren radicados en Mendoza, para gastos de cosecha y acarreo de uva y elaboraci\u00f3n de productos vit\u00edcolas.<\/strong><\/p>\n<h5>R.B (F.M. Vi\u00f1as).<\/h5>\n","protected":false},"excerpt":{"rendered":"<p>Es para la operatoria 2019-2020, que se complementar\u00e1 con el aporte del Fondo para la Transformaci\u00f3n y el Crecimiento. Las micro, &#8230;<\/p>\n","protected":false},"author":8,"featured_media":62314,"comment_status":"open","ping_status":"open","sticky":false,"template":"","format":"standard","meta":{"footnotes":""},"categories":[5,10],"tags":[],"class_list":["post-62313","post","type-post","status-publish","format-standard","has-post-thumbnail","hentry","category-actualidad","category-destacadas"],"_links":{"self":[{"href":"https:\/\/vinasfm.com\/noticias\/wp-json\/wp\/v2\/posts\/62313","targetHints":{"allow":["GET"]}}],"collection":[{"href":"https:\/\/vinasfm.com\/noticias\/wp-json\/wp\/v2\/posts"}],"about":[{"href":"https:\/\/vinasfm.com\/noticias\/wp-json\/wp\/v2\/types\/post"}],"author":[{"embeddable":true,"href":"https:\/\/vinasfm.com\/noticias\/wp-json\/wp\/v2\/users\/8"}],"replies":[{"embeddable":true,"href":"https:\/\/vinasfm.com\/noticias\/wp-json\/wp\/v2\/comments?post=62313"}],"version-history":[{"count":1,"href":"https:\/\/vinasfm.com\/noticias\/wp-json\/wp\/v2\/posts\/62313\/revisions"}],"predecessor-version":[{"id":62316,"href":"https:\/\/vinasfm.com\/noticias\/wp-json\/wp\/v2\/posts\/62313\/revisions\/62316"}],"wp:featuredmedia":[{"embeddable":true,"href":"https:\/\/vinasfm.com\/noticias\/wp-json\/wp\/v2\/media\/62314"}],"wp:attachment":[{"href":"https:\/\/vinasfm.com\/noticias\/wp-json\/wp\/v2\/media?parent=62313"}],"wp:term":[{"taxonomy":"category","embeddable":true,"href":"https:\/\/vinasfm.com\/noticias\/wp-json\/wp\/v2\/categories?post=62313"},{"taxonomy":"post_tag","embeddable":true,"href":"https:\/\/vinasfm.com\/noticias\/wp-json\/wp\/v2\/tags?post=62313"}],"curies":[{"name":"wp","href":"https:\/\/api.w.org\/{rel}","templated":true}]}}