{"id":62294,"date":"2019-11-28T05:20:35","date_gmt":"2019-11-28T08:20:35","guid":{"rendered":"http:\/\/vinasfm.com\/noticias\/?p=62294"},"modified":"2019-11-29T09:10:56","modified_gmt":"2019-11-29T12:10:56","slug":"el-hcd-reconocera-a-instituciones-y-personalidades-alvearenses-destacadas","status":"publish","type":"post","link":"https:\/\/vinasfm.com\/noticias\/el-hcd-reconocera-a-instituciones-y-personalidades-alvearenses-destacadas\/","title":{"rendered":"EL HCD RECONOCER\u00c1 A INSTITUCIONES Y PERSONALIDADES ALVEARENSES DESTACADAS"},"content":{"rendered":"<h4><strong>Como cada a\u00f1o el Honorable Concejo Deliberante reconoce a distintas instituciones y personas del departamento por sus labores a lo largo del a\u00f1o y acciones meritorias de ser galardonadas. La Ceremonia de Reconocimientos ser\u00e1 este jueves en el Sal\u00f3n \u2018San Mart\u00edn\u2019 a partir de las 20:30h.<\/strong><\/h4>\n<p>Las distintas elecciones la realizan los bloques a partir de los valores que surjan en el desarrollo \u00a0de las actividades de cada persona e instituci\u00f3n destac\u00e1ndose en lo social, educativo, cultural\u00a0 y deportivo. En esta ocasi\u00f3n son 26 los proyectos de distinci\u00f3n y declaraci\u00f3n de inter\u00e9s.<\/p>\n<p>La presidente del cuerpo legislativo alvearense se refiri\u00f3 al evento: \u201c<em>ya se cursaron las invitaciones a quienes ser\u00e1n reconocidos para que vengan acompa\u00f1ados de su familia y hacerles un agasajo como se lo merecen\u201d, <\/em>manifest\u00f3 <strong>Alejandra Torti<\/strong>.<\/p>\n<p><strong><u>N\u00d3MINA DE RECONOCIMIENTOS Y DISTINCIONES<\/u><\/strong><\/p>\n<ol>\n<li><em>ORD 4561<\/em> <strong>Declarar de Inter\u00e9s Departamental al Congreso de formaci\u00f3n encabezado por J\u00f3venes de Acci\u00f3n Cat\u00f3lica.<\/strong><strong>\u00a0\u00a0\u00a0\u00a0\u00a0\u00a0\u00a0\u00a0 <\/strong><\/li>\n<li><em>ORD 4563<\/em> <strong>Declarar de Inter\u00e9s Cultural y Departamental al proyecto Institucional de Cultivo Bajo\u00a0\u00a0Invernadero y Huerta Escolar \u201cCultivando Costumbre de Vida\u201d (Esc. N\u00b0 1-140 Luis R. Ponce).\u00a0\u00a0\u00a0<\/strong><\/li>\n<li><em>ORD 4564<\/em> <strong>Declarar\u00a0de Inter\u00e9s Departamental \u201cCostillares al Ensartador\u201d.<\/strong><\/li>\n<li><em>ORD 4579<\/em> <strong>Declarar de Inter\u00e9s Departamental al Centro de Lactancia Materna.<\/strong><\/li>\n<li><em>ORD 4585<\/em> <strong>Declarar Inter\u00e9s Departamental al Festival Folkl\u00f3rico del Instituto San Antonio<\/strong>.<\/li>\n<li><em>RES 4840 <\/em><strong>Declarar Inter\u00e9s Social y Educativo al proyecto \u201cConstruyamos\u00a0\u00a0Puentes y No Muros\u201d<\/strong>, desarrollado por el <strong>Instituto Universitario de Seguridad P\u00fablica<\/strong>.\u00a0Reconocimiento a los cadetes <strong>Mariana Alcar\u00e1z<\/strong>, <strong>Marina Araya<\/strong>\u00a0y\u00a0a <strong>Profesores Luis Alca\u00edno<\/strong> y <strong>Lucila Alca\u00edno.<\/strong><\/li>\n<li><em>RES 4843-19<\/em> <strong>Declarar Inter\u00e9s\u00a0\u00a0Social y Educativo al proyecto \u201cSalvemos tu vida sin importar quien\u00a0\u00a0Eres\u201d<\/strong> presentado por el <strong>CEBJA 3-084 \u201cOasis del Atuel\u201d<\/strong> \u2013 Primer Premio Nivel Nacional. Reconocer\u00a0\u00a0a los alumnos <strong>Patricia J. Mart\u00ednez<\/strong> y <strong>Agust\u00edn A. Alba<\/strong> y al docente\u00a0<strong>Luis Alca\u00edno<\/strong>.<\/li>\n<li><em>RES 4818-19 <\/em><strong>Reconocer\u00a0la\u00a0Trayectoria period\u00edstica del Sr. Adolfo S\u00e1nchez Pesce<\/strong>.<\/li>\n<li><em>RES 4839-19<\/em> <strong>Reconocer al Sr. Valerio Olgu\u00edn<\/strong>.<\/li>\n<li><em>RES 4858-19<\/em> <strong>Distinguir\u00a0J\u00f3venes Dagma Miranda y Mat\u00edas Miranda por su emprendimiento elaboraci\u00f3n de l\u00e1pices de papel: SUYANA<\/strong>.<\/li>\n<li><em>RES 4861-19<\/em> <strong>Reconocer\u00a0\u00a0Licenciada en Enfermer\u00eda Gladys Noem\u00ed Urquiza\u00a0\u00a0por su labor en el Centro de\u00a0Lactancia Materna<\/strong>.<\/li>\n<li><em>RES 4866-19<\/em> <strong>Reconocer trayectoria de la Lic. Nidia Andrea Vilchez<\/strong>.<\/li>\n<li><em>RES 4870-19<\/em> <strong>Reconocer y destacar trayectoria del ciclista\u00a0\u00c1ngelo Zancan\u00a0y\u00a0destacar Labor de la Escuela de MTB ALVEAR TERRA.<\/strong><\/li>\n<li><em>RES 4871-19<\/em> <strong>Reconocer Alumnos Esc. 4-105 Enore De Monte por su desempe\u00f1o en concurso\u00a0\u201cFrutea tu Escuela\u201d<\/strong>.\n<ul>\n<li><strong>Karen Ayel\u00e9n PRADO.<\/strong><\/li>\n<li><strong>Javier Agust\u00edn ROBLEDO.<\/strong><\/li>\n<li><strong>Valentino P\u00c9REZ MESSINA.<\/strong><\/li>\n<li><strong>Marcelo Iv\u00e1n KONDRATIUK.<\/strong><\/li>\n<li><strong>Jerem\u00edas Omar ORUETA.<\/strong><\/li>\n<li><strong>Iv\u00e1n Alexis GONZALEZ.<\/strong><\/li>\n<li><strong>Denis Luc\u00eda CALDER\u00d3N.<\/strong><\/li>\n<li><strong>Ticiana Antonella LOPEZ.<\/strong><\/li>\n<li><strong>Miqueas Ram\u00f3n GONZALEZ.<\/strong><\/li>\n<li><strong>Juan Miguel TORTI.<\/strong><\/li>\n<\/ul>\n<\/li>\n<li><em>RES 4872-19<\/em> <strong>Reconocer\u00a0\u00a0Trayectoria y Labor de la C\u00e1mara Joven.<\/strong>.<\/li>\n<li><em>RES 4873-19<\/em> <strong>Distinguir a Joaqu\u00edn Vergara por su emprendimiento \u201cElaboraci\u00f3n de pr\u00f3tesis\u00a0con Impresi\u00f3n 3D\u201d<\/strong>.<\/li>\n<li><em>RES 4874-19<\/em> <strong>Reconocer Deportistas locales por su participaci\u00f3n Juegos Nacionales \u201cEvita\u201d.<\/strong><\/li>\n<li><strong>Manuel Garc\u00eda por 1\u00b0 puesto en 25 m y 50 m NATACION ADAPTADA.<\/strong><\/li>\n<li><strong>Celeste Sosa por 1\u00b0 puesto Lanzamiento de bala y 1\u00b0 puesto en los 150 m llanos \u2013 Atletismo Adaptado.<\/strong><\/li>\n<li><strong>Jos\u00e9 Molina\u00a0por\u00a02\u00b0 puesto Salto en largo \u2013 Atletismo Adaptado.<\/strong><\/li>\n<li><strong>Daiana Mart\u00ednez por 2\u00b0 puesto lanzamiento de bala.<\/strong><\/li>\n<li><em>RES 4875-19<\/em> <strong>Reconocer Trayectoria\u00a0farmac\u00e9utica y compromiso social del Dr. Antonio Roca<\/strong>.<\/li>\n<li><em>RES 4876-19<\/em> <strong>Reconocer Trayectoria\u00a0del Sr. Hugo Edgardo Olivera Galvez<\/strong>.<\/li>\n<li><em>RES-4877-19<\/em> <strong>Reconocer Trayectoria\u00a0\u00a0por su desarrollo agroindustrial a General Alvear\u00a0Familia\u00a0Morralla- L\u00f3pez<\/strong>.<\/li>\n<li><em>RES 4878-19<\/em> <strong>Reconocer Trayectoria Profesional Sra. Lidia Alicia Zamarbide de Santol\u00edn<\/strong><\/li>\n<li><em>RES 4879-19<\/em> <strong>Reconocer Trayectoria deportiva y de concientizaci\u00f3n por la Diabetes Tipo 1\u00a0Sr. Leandro Amuch<\/strong>.<\/li>\n<li><em>RES 4816-19<\/em> <strong>Declarar Inter\u00e9s Hist\u00f3rico Cultural y Social programa Televisivo \u201cCr\u00f3nicas Departamentales\u201d<\/strong>.<\/li>\n<li><strong>Reconocer Trayectoria Prof. Mar\u00eda Esther Sellanes<\/strong>.<\/li>\n<li><strong>Reconocer Trayectoria\u00a0\u00a0POLITICA Y EMPRESARIAL\u00a0del JORGE SCHMIDT. <\/strong><\/li>\n<\/ol>\n<h5><em>F.B. (F.M. Vi\u00f1as).<\/em><\/h5>\n","protected":false},"excerpt":{"rendered":"<p>Como cada a\u00f1o el Honorable Concejo Deliberante reconoce a distintas instituciones y personas del departamento por sus labores a lo largo &#8230;<\/p>\n","protected":false},"author":8,"featured_media":62296,"comment_status":"open","ping_status":"open","sticky":false,"template":"","format":"standard","meta":{"footnotes":""},"categories":[5,26],"tags":[],"class_list":["post-62294","post","type-post","status-publish","format-standard","has-post-thumbnail","hentry","category-actualidad","category-hcd"],"_links":{"self":[{"href":"https:\/\/vinasfm.com\/noticias\/wp-json\/wp\/v2\/posts\/62294","targetHints":{"allow":["GET"]}}],"collection":[{"href":"https:\/\/vinasfm.com\/noticias\/wp-json\/wp\/v2\/posts"}],"about":[{"href":"https:\/\/vinasfm.com\/noticias\/wp-json\/wp\/v2\/types\/post"}],"author":[{"embeddable":true,"href":"https:\/\/vinasfm.com\/noticias\/wp-json\/wp\/v2\/users\/8"}],"replies":[{"embeddable":true,"href":"https:\/\/vinasfm.com\/noticias\/wp-json\/wp\/v2\/comments?post=62294"}],"version-history":[{"count":1,"href":"https:\/\/vinasfm.com\/noticias\/wp-json\/wp\/v2\/posts\/62294\/revisions"}],"predecessor-version":[{"id":62297,"href":"https:\/\/vinasfm.com\/noticias\/wp-json\/wp\/v2\/posts\/62294\/revisions\/62297"}],"wp:featuredmedia":[{"embeddable":true,"href":"https:\/\/vinasfm.com\/noticias\/wp-json\/wp\/v2\/media\/62296"}],"wp:attachment":[{"href":"https:\/\/vinasfm.com\/noticias\/wp-json\/wp\/v2\/media?parent=62294"}],"wp:term":[{"taxonomy":"category","embeddable":true,"href":"https:\/\/vinasfm.com\/noticias\/wp-json\/wp\/v2\/categories?post=62294"},{"taxonomy":"post_tag","embeddable":true,"href":"https:\/\/vinasfm.com\/noticias\/wp-json\/wp\/v2\/tags?post=62294"}],"curies":[{"name":"wp","href":"https:\/\/api.w.org\/{rel}","templated":true}]}}