{"id":62282,"date":"2019-11-27T07:59:01","date_gmt":"2019-11-27T10:59:01","guid":{"rendered":"http:\/\/vinasfm.com\/noticias\/?p=62282"},"modified":"2019-11-28T09:15:54","modified_gmt":"2019-11-28T12:15:54","slug":"reunion-entre-distintas-entidades-para-prevenir-incendios-forestales","status":"publish","type":"post","link":"https:\/\/vinasfm.com\/noticias\/reunion-entre-distintas-entidades-para-prevenir-incendios-forestales\/","title":{"rendered":"REUNI\u00d3N ENTRE DISTINTAS ENTIDADES PARA PREVENIR INCENDIOS FORESTALES"},"content":{"rendered":"<h4><strong>Para contrarrestar y prevenir incendios forestales, Defensa Civil se reuni\u00f3 con diferentes instituciones relacionadas donde participaron personal de bomberos, la C\u00e1mara de Comercio y el Intendente Walther Marcolini.<\/strong><\/h4>\n<p>\u201c<em>Se hizo una evaluaci\u00f3n de c\u00f3mo estamos para encarar la nueva temporada, si bien venimos con un proceso de sequ\u00eda muy importante, las \u00faltimas lluvia nos sacaron del mapa de riesgo<\/em>\u201d coment\u00f3 <strong>Guillermo Ferraris<\/strong>.<\/p>\n<p>Adem\u00e1s desde Defensa Civil se trabaja con el \u00edndice de peligro de incendio mediante la instalaci\u00f3n de carteler\u00eda correspondiente en zonas propensas a un incendio: \u201c<em>El \u00edndice de peligro se informa a la comunidad, sobre todo a productores a trav\u00e9s de Whatsapp y la C\u00e1mara de Comercio. Actualmente estamos informando a 400 personas como as\u00ed tambi\u00e9n a los medios de comunicaci\u00f3n<\/em>\u201d, subray\u00f3 Ferraris.<\/p>\n<p>Por otro lado, se contin\u00faa con las tareas de mantenimiento de picadas cortafuego actualmente en la zona de \u00d1acu\u00f1an. El municipio ha realizado 1500km de mantenimiento de picadas contrafuego.<\/p>\n<p>En cuanto a General Alvear<em>, <\/em>Ferraris manifest\u00f3 que \u201c<em>los recursos est\u00e1n al 100%, se cuenta con las movilidades correspondientes el operativo y combustible y se mantiene el mismo personal. A nivel del Servicio Nacional del Manejo de Fuego se llam\u00f3 a licitaci\u00f3n la contrataci\u00f3n de servicios de medio a\u00e9reo por lo que tenemos la certeza de que los primeros d\u00edas de diciembre llegar\u00e1 un helic\u00f3ptero a la base de Monte Com\u00e1n y estamos esperando que se confirme la llegada de aviones hidrante y el avi\u00f3n observador\u201d.<\/em><\/p>\n<h5><em>R.B. (F.M. Vi\u00f1as).<\/em><\/h5>\n","protected":false},"excerpt":{"rendered":"<p>Para contrarrestar y prevenir incendios forestales, Defensa Civil se reuni\u00f3 con diferentes instituciones relacionadas donde participaron personal de bomberos, la C\u00e1mara &#8230;<\/p>\n","protected":false},"author":8,"featured_media":55588,"comment_status":"open","ping_status":"open","sticky":false,"template":"","format":"standard","meta":{"footnotes":""},"categories":[5,51],"tags":[],"class_list":["post-62282","post","type-post","status-publish","format-standard","has-post-thumbnail","hentry","category-actualidad","category-defensa-civil"],"_links":{"self":[{"href":"https:\/\/vinasfm.com\/noticias\/wp-json\/wp\/v2\/posts\/62282","targetHints":{"allow":["GET"]}}],"collection":[{"href":"https:\/\/vinasfm.com\/noticias\/wp-json\/wp\/v2\/posts"}],"about":[{"href":"https:\/\/vinasfm.com\/noticias\/wp-json\/wp\/v2\/types\/post"}],"author":[{"embeddable":true,"href":"https:\/\/vinasfm.com\/noticias\/wp-json\/wp\/v2\/users\/8"}],"replies":[{"embeddable":true,"href":"https:\/\/vinasfm.com\/noticias\/wp-json\/wp\/v2\/comments?post=62282"}],"version-history":[{"count":1,"href":"https:\/\/vinasfm.com\/noticias\/wp-json\/wp\/v2\/posts\/62282\/revisions"}],"predecessor-version":[{"id":62286,"href":"https:\/\/vinasfm.com\/noticias\/wp-json\/wp\/v2\/posts\/62282\/revisions\/62286"}],"wp:featuredmedia":[{"embeddable":true,"href":"https:\/\/vinasfm.com\/noticias\/wp-json\/wp\/v2\/media\/55588"}],"wp:attachment":[{"href":"https:\/\/vinasfm.com\/noticias\/wp-json\/wp\/v2\/media?parent=62282"}],"wp:term":[{"taxonomy":"category","embeddable":true,"href":"https:\/\/vinasfm.com\/noticias\/wp-json\/wp\/v2\/categories?post=62282"},{"taxonomy":"post_tag","embeddable":true,"href":"https:\/\/vinasfm.com\/noticias\/wp-json\/wp\/v2\/tags?post=62282"}],"curies":[{"name":"wp","href":"https:\/\/api.w.org\/{rel}","templated":true}]}}