{"id":62234,"date":"2019-11-26T10:20:35","date_gmt":"2019-11-26T13:20:35","guid":{"rendered":"http:\/\/vinasfm.com\/noticias\/?p=62234"},"modified":"2019-11-26T10:24:21","modified_gmt":"2019-11-26T13:24:21","slug":"andres-vavrik-es-el-nuevo-presidente-de-la-camara-de-comercio-industria-agricultura-y-ganaderia","status":"publish","type":"post","link":"https:\/\/vinasfm.com\/noticias\/andres-vavrik-es-el-nuevo-presidente-de-la-camara-de-comercio-industria-agricultura-y-ganaderia\/","title":{"rendered":"ANDR\u00c9S VAVRIK ES EL NUEVO PRESIDENTE DE LA C\u00c1MARA DE COMERCIO, INDUSTRIA, AGRICULTURA Y GANADER\u00cdA"},"content":{"rendered":"<h4><strong>Andr\u00e9s Vavrik fue electo como nuevo Presidente de la C\u00e1mara de Comercio, Industria, Agricultura y Ganader\u00eda por el periodo de 2 a\u00f1os.<\/strong><\/h4>\n<p>Con la presentaci\u00f3n de la Lista Blanca quedo conformada la nueva comisi\u00f3n directiva de la entidad, que ser\u00e1 presidida por el Sr. <strong>Andr\u00e9s\u00a0 Vavrik, acompa\u00f1ado por Fernandez Lucas, Gonzalez Sofia, Noguerol Jorge, Odetti Javier, Rossi Adrian, Rodriguez Marina, Labay Ramiro, Mu\u00f1oz Leandro, Santol\u00edn Jose Mar\u00eda, Santol\u00edn Miguel, Anaya Alberto, Van Houten Alfredo y Romero Ariel.<\/strong><\/p>\n<p><a href=\"http:\/\/vinasfm.com\/noticias\/wp-content\/uploads\/2019\/11\/WhatsApp-Image-2019-11-26-at-09.51.22.jpeg\"><img loading=\"lazy\" decoding=\"async\" class=\"alignnone size-medium wp-image-62238\" src=\"http:\/\/vinasfm.com\/noticias\/wp-content\/uploads\/2019\/11\/WhatsApp-Image-2019-11-26-at-09.51.22-300x225.jpeg\" alt=\"\" width=\"300\" height=\"225\" srcset=\"https:\/\/vinasfm.com\/noticias\/wp-content\/uploads\/2019\/11\/WhatsApp-Image-2019-11-26-at-09.51.22-300x225.jpeg 300w, https:\/\/vinasfm.com\/noticias\/wp-content\/uploads\/2019\/11\/WhatsApp-Image-2019-11-26-at-09.51.22-768x576.jpeg 768w, https:\/\/vinasfm.com\/noticias\/wp-content\/uploads\/2019\/11\/WhatsApp-Image-2019-11-26-at-09.51.22-1024x768.jpeg 1024w, https:\/\/vinasfm.com\/noticias\/wp-content\/uploads\/2019\/11\/WhatsApp-Image-2019-11-26-at-09.51.22.jpeg 1040w\" sizes=\"auto, (max-width: 300px) 100vw, 300px\" \/><\/a>\u00a0 \u00a0 <a href=\"http:\/\/vinasfm.com\/noticias\/wp-content\/uploads\/2019\/11\/andres-vavrik-e1574774421119.jpg\"><img loading=\"lazy\" decoding=\"async\" class=\"alignnone  wp-image-62235\" src=\"http:\/\/vinasfm.com\/noticias\/wp-content\/uploads\/2019\/11\/andres-vavrik-e1574774421119-300x161.jpg\" alt=\"\" width=\"406\" height=\"218\" srcset=\"https:\/\/vinasfm.com\/noticias\/wp-content\/uploads\/2019\/11\/andres-vavrik-e1574774421119-300x161.jpg 300w, https:\/\/vinasfm.com\/noticias\/wp-content\/uploads\/2019\/11\/andres-vavrik-e1574774421119-768x412.jpg 768w, https:\/\/vinasfm.com\/noticias\/wp-content\/uploads\/2019\/11\/andres-vavrik-e1574774421119.jpg 779w\" sizes=\"auto, (max-width: 406px) 100vw, 406px\" \/><\/a><\/p>\n<p>&nbsp;<\/p>\n<hr \/>\n<p>En el\u00a0 mes de noviembre\u00a0 del a\u00f1o 1933 se fund\u00f3 la C\u00e1mara de Comercio de Gral. Alvear. Nac\u00eda hace 86 a\u00f1os una instituci\u00f3n que es valuarte de una comunidad que desaf\u00eda constantemente con trabajo las realidades de cada \u00e9poca.<\/p>\n<p>El paso de dirigentes a trav\u00e9s de estos a\u00f1os ha brindado un prestigio institucional de respeto mutuo hacia los organismos gubernamentales, con objetivos claros propulsando y estimulando a las autoridades a cumplir sus proyectos.<\/p>\n<p>Orienta sus actividades a la formulaci\u00f3n de proyectos que estimulen las m\u00e1s diversas actividades humanas y empresariales, principalmente las relacionadas al progreso, a la incorporaci\u00f3n de nuevas tecnolog\u00edas, a la educaci\u00f3n permanente y a la cultura.-<\/p>\n<p><strong>Ya pr\u00f3ximos a ingresar al 2020, en acuerdo de opiniones, respetuosos de nuestra historia y costumbres, pero siendo evolutivos en nuestros pensamientos y en concordancia con el respeto al rol de la mujer de nuestra sociedad actual, m\u00e1s cercanos a su integridad y capacidad de acci\u00f3n.<\/strong><\/p>\n<p>Es as\u00ed, que en esta oportunidad, siendo parte de un cambio generacional queda incorporado a la comisi\u00f3n directiva,\u00a0 mediante\u00a0 esta Asamblea General Ordinaria, el rol participativo de la mujer a trav\u00e9s de dos mujeres empresarias, nacientes en su actividad, con esp\u00edritu participativo y vocaci\u00f3n de servicio.<\/p>\n<p>Una p\u00e1gina m\u00e1s se escribe en la trayectoria institucional, con este cambio que se impulsa en este mandato.<\/p>\n<h5><em><strong>F.M. Vi\u00f1as.\u00a0\u00a0\u00a0\u00a0\u00a0\u00a0\u00a0\u00a0\u00a0\u00a0\u00a0\u00a0\u00a0\u00a0\u00a0\u00a0\u00a0\u00a0\u00a0\u00a0\u00a0\u00a0\u00a0\u00a0\u00a0\u00a0\u00a0\u00a0\u00a0\u00a0\u00a0\u00a0\u00a0\u00a0\u00a0\u00a0\u00a0\u00a0\u00a0\u00a0\u00a0\u00a0\u00a0\u00a0\u00a0\u00a0\u00a0\u00a0\u00a0\u00a0\u00a0\u00a0\u00a0\u00a0\u00a0\u00a0\u00a0\u00a0\u00a0\u00a0\u00a0\u00a0\u00a0\u00a0\u00a0\u00a0\u00a0\u00a0\u00a0\u00a0\u00a0\u00a0\u00a0\u00a0\u00a0\u00a0\u00a0\u00a0\u00a0\u00a0\u00a0\u00a0\u00a0\u00a0\u00a0\u00a0\u00a0\u00a0\u00a0\u00a0\u00a0\u00a0\u00a0\u00a0\u00a0\u00a0\u00a0\u00a0\u00a0\u00a0\u00a0\u00a0<\/strong><\/em><\/h5>\n","protected":false},"excerpt":{"rendered":"<p>Andr\u00e9s Vavrik fue electo como nuevo Presidente de la C\u00e1mara de Comercio, Industria, Agricultura y Ganader\u00eda por el periodo de 2 &#8230;<\/p>\n","protected":false},"author":7,"featured_media":62237,"comment_status":"open","ping_status":"open","sticky":false,"template":"","format":"standard","meta":{"footnotes":""},"categories":[1],"tags":[],"class_list":["post-62234","post","type-post","status-publish","format-standard","has-post-thumbnail","hentry","category-fmvinas"],"_links":{"self":[{"href":"https:\/\/vinasfm.com\/noticias\/wp-json\/wp\/v2\/posts\/62234","targetHints":{"allow":["GET"]}}],"collection":[{"href":"https:\/\/vinasfm.com\/noticias\/wp-json\/wp\/v2\/posts"}],"about":[{"href":"https:\/\/vinasfm.com\/noticias\/wp-json\/wp\/v2\/types\/post"}],"author":[{"embeddable":true,"href":"https:\/\/vinasfm.com\/noticias\/wp-json\/wp\/v2\/users\/7"}],"replies":[{"embeddable":true,"href":"https:\/\/vinasfm.com\/noticias\/wp-json\/wp\/v2\/comments?post=62234"}],"version-history":[{"count":2,"href":"https:\/\/vinasfm.com\/noticias\/wp-json\/wp\/v2\/posts\/62234\/revisions"}],"predecessor-version":[{"id":62240,"href":"https:\/\/vinasfm.com\/noticias\/wp-json\/wp\/v2\/posts\/62234\/revisions\/62240"}],"wp:featuredmedia":[{"embeddable":true,"href":"https:\/\/vinasfm.com\/noticias\/wp-json\/wp\/v2\/media\/62237"}],"wp:attachment":[{"href":"https:\/\/vinasfm.com\/noticias\/wp-json\/wp\/v2\/media?parent=62234"}],"wp:term":[{"taxonomy":"category","embeddable":true,"href":"https:\/\/vinasfm.com\/noticias\/wp-json\/wp\/v2\/categories?post=62234"},{"taxonomy":"post_tag","embeddable":true,"href":"https:\/\/vinasfm.com\/noticias\/wp-json\/wp\/v2\/tags?post=62234"}],"curies":[{"name":"wp","href":"https:\/\/api.w.org\/{rel}","templated":true}]}}