{"id":62210,"date":"2019-11-26T08:41:41","date_gmt":"2019-11-26T11:41:41","guid":{"rendered":"http:\/\/vinasfm.com\/noticias\/?p=62210"},"modified":"2019-11-27T08:40:13","modified_gmt":"2019-11-27T11:40:13","slug":"se-dicto-una-charla-debate-en-el-marco-del-dia-internacional-contra-la-violencia-hacia-la-mujer","status":"publish","type":"post","link":"https:\/\/vinasfm.com\/noticias\/se-dicto-una-charla-debate-en-el-marco-del-dia-internacional-contra-la-violencia-hacia-la-mujer\/","title":{"rendered":"SE DICT\u00d3 UNA CHARLA &#8211; DEBATE EN EL MARCO DEL D\u00cdA INTERNACIONAL CONTRA LA VIOLENCIA HACIA LA MUJER"},"content":{"rendered":"<h4><strong>Este lunes y en el marco del D\u00eda Internacional contra la Violencia a la Mujer, se realiz\u00f3 una Charla \u2013 Debate, en el Teatro Antonio Lafalla para concientizar sobre esta problem\u00e1tica.<\/strong><\/h4>\n<p>La actividad consist\u00eda en una ch<strong>arla \u2013 debate, con el testimonio de Fabio P\u00e1ez, pap\u00e1 de Chiara, una v\u00edctima\u00a0 de femicidio por la cual se origin\u00f3 la marcha del Ni Una Menos a nivel nacional. Adem\u00e1s se cont\u00f3 con el acompa\u00f1amiento t\u00e9cnico de la Asesor\u00eda de la Mujer.<\/strong><\/p>\n<h5 style=\"text-align: center;\"><strong>Chiara P\u00e1ez ten\u00eda catorce a\u00f1os reci\u00e9n cumplidos y un embarazo de 2 meses, cuando el 10 de mayo de 2015 su novio la mat\u00f3 a golpes y la enterr\u00f3 en el patio de su abuelo.<\/strong><\/h5>\n<p><em>\u201cLa intenci\u00f3n de esto es visibilizar esta problem\u00e1tica a partir de un testimonio donde la empat\u00eda y la manera en que el p\u00fablico se involucra con la tem\u00e1tica es distinta y se lleva un mensaje mucho m\u00e1s profundo\u201d<\/em>, se\u00f1al\u00f3 Patricia Salice, responsable comunal del \u00c1rea de la Mujer.<\/p>\n<p>Salice agreg\u00f3 que \u201c<em>necesitamos que cada individuo desde el lugar que est\u00e9, se reconstruya en el modo de vincularnos y dejemos de lado la discriminaci\u00f3n de la mujer para poder derrocar esta relaci\u00f3n desigual de poder que hay\u201d<\/em>.<\/p>\n<p>Por su parte Fabio P\u00e1ez manifest\u00f3: \u201c<em>Desde la desgracia, el dolor, estamos tratando de crear conciencia, de visualizar esta problem\u00e1tica que cada vez est\u00e1 peor\u201d.<\/em><\/p>\n<p><strong><em>\u201cLo peor que se puede hacer es esconderla\u201d<\/em><\/strong>, complet\u00f3.<\/p>\n<blockquote>\n<h4 style=\"text-align: center;\"><strong>\u201cMuchas personas no viven sus sue\u00f1os por estar viviendo sus miedos. Nada justifica la violencia, menos en nombre del amor. Ped\u00ed ayuda, siempre est\u00e1s a tiempo\u201d.<\/strong><\/h4>\n<\/blockquote>\n<h5><em><strong>A.C.<\/strong><\/em><\/h5>\n","protected":false},"excerpt":{"rendered":"<p>Este lunes y en el marco del D\u00eda Internacional contra la Violencia a la Mujer, se realiz\u00f3 una Charla \u2013 Debate, &#8230;<\/p>\n","protected":false},"author":7,"featured_media":62213,"comment_status":"open","ping_status":"open","sticky":false,"template":"","format":"standard","meta":{"footnotes":""},"categories":[5],"tags":[],"class_list":["post-62210","post","type-post","status-publish","format-standard","has-post-thumbnail","hentry","category-actualidad"],"_links":{"self":[{"href":"https:\/\/vinasfm.com\/noticias\/wp-json\/wp\/v2\/posts\/62210","targetHints":{"allow":["GET"]}}],"collection":[{"href":"https:\/\/vinasfm.com\/noticias\/wp-json\/wp\/v2\/posts"}],"about":[{"href":"https:\/\/vinasfm.com\/noticias\/wp-json\/wp\/v2\/types\/post"}],"author":[{"embeddable":true,"href":"https:\/\/vinasfm.com\/noticias\/wp-json\/wp\/v2\/users\/7"}],"replies":[{"embeddable":true,"href":"https:\/\/vinasfm.com\/noticias\/wp-json\/wp\/v2\/comments?post=62210"}],"version-history":[{"count":1,"href":"https:\/\/vinasfm.com\/noticias\/wp-json\/wp\/v2\/posts\/62210\/revisions"}],"predecessor-version":[{"id":62214,"href":"https:\/\/vinasfm.com\/noticias\/wp-json\/wp\/v2\/posts\/62210\/revisions\/62214"}],"wp:featuredmedia":[{"embeddable":true,"href":"https:\/\/vinasfm.com\/noticias\/wp-json\/wp\/v2\/media\/62213"}],"wp:attachment":[{"href":"https:\/\/vinasfm.com\/noticias\/wp-json\/wp\/v2\/media?parent=62210"}],"wp:term":[{"taxonomy":"category","embeddable":true,"href":"https:\/\/vinasfm.com\/noticias\/wp-json\/wp\/v2\/categories?post=62210"},{"taxonomy":"post_tag","embeddable":true,"href":"https:\/\/vinasfm.com\/noticias\/wp-json\/wp\/v2\/tags?post=62210"}],"curies":[{"name":"wp","href":"https:\/\/api.w.org\/{rel}","templated":true}]}}