{"id":62122,"date":"2019-11-23T19:55:11","date_gmt":"2019-11-23T22:55:11","guid":{"rendered":"http:\/\/vinasfm.com\/noticias\/?p=62122"},"modified":"2019-11-25T09:51:27","modified_gmt":"2019-11-25T12:51:27","slug":"por-razones-climaticas-se-suspende-el-festejo-del-vino-como-bebida-nacional-previsto-para-este-domingo","status":"publish","type":"post","link":"https:\/\/vinasfm.com\/noticias\/por-razones-climaticas-se-suspende-el-festejo-del-vino-como-bebida-nacional-previsto-para-este-domingo\/","title":{"rendered":"POR RAZONES CLIM\u00c1TICAS SE SUSPENDI\u00d3 EL FESTEJO DEL VINO COMO BEBIDA NACIONAL"},"content":{"rendered":"<h4><strong>Cada 24 de noviembre se celebra en todo el pa\u00eds el D\u00eda del Vino como Bebida Nacional, a lo largo de toda la zona vitivin\u00edcola del pa\u00eds se realizar\u00e1n diversas actividades, de las que General Alvear no estar\u00e1 exento. <\/strong><\/h4>\n<h4><strong>Si bien estaba previsto que para este domingo a partir de las 20 horas, la Avenida Alvear Oeste se transformar\u00e1 en peatonal para disfrutar de degustaciones de vino y otros productos artesanales, desde las entidades organizadoras decidieron suspenderlo por razones clim\u00e1ticas y pasarlo par el pr\u00f3ximo s\u00e1bado 30.<\/strong><\/h4>\n<p>El pronostico del Servicio Meteorol\u00f3gico Nacional, indicaba lluvias para toda la jornada del domingo.<\/p>\n<p>Respecto al evento, desde el Centro de En\u00f3logos, su presidenta Daniela Cisterna, hab\u00eda expresado: \u201c<em>La idea es que la gente circule dentro de la peatonal, los tickets salen 300 copas donde estar\u00e1n unas 15 bodegas representadas en diferentes living para que el p\u00fablico pueda degustar sus vinos.\u201d<\/em><\/p>\n<p>Por su parte Mauricio Mart\u00ednez, referente de la COVIAR dijo: \u201cla intenci\u00f3n es aprovechar este evento para promocionar los vinos de nuestras bodegas, la idea es fortalecer los lazos de la actividad vitivin\u00edcola y sumar esfuerzos\u201d.<\/p>\n<p><strong>El evento es organizado por la Municipalidad\u00a0 de General Alvear, Centros de En\u00f3logos, productores y bodegueros, la COVIAR y otras entidades.<\/strong><\/p>\n<p><strong>Argentina es el primer pa\u00eds vitivin\u00edcola del mundo que declar\u00f3 al vino como su bebida naciona<\/strong>l. Por todo esto, finalmente el Congreso Nacional, por unanimidad, sancion\u00f3 la Ley N\u00b0 26.870 que ratifica el Decreto Presidencia 1800 (firmado en 2010) y que declara al vino argentino como la Bebida Nacional y establece el 24 de noviembre como su d\u00eda.<\/p>\n<p>En el 2013 el Congreso Nacional declar\u00f3 al vino argentino como \u201cBebida Nacional\u201d de acuerdo a la Ley 26.870, instituy\u00e9ndose el 24 de noviembre como el d\u00eda nacional del vino. Asimismo, la Ley resalta, entre sus objetivos principales:<\/p>\n<ul>\n<li>Difundir las caracter\u00edsticas culturales del Vino Argentino.<\/li>\n<li>Promover la imagen e isologo del Vino Argentino.<\/li>\n<li>Promover el desarrollo de las econom\u00edas regionales vinculadas al sector vitivin\u00edcola.<\/li>\n<\/ul>\n<p>A.C.<\/p>\n","protected":false},"excerpt":{"rendered":"<p>Cada 24 de noviembre se celebra en todo el pa\u00eds el D\u00eda del Vino como Bebida Nacional, a lo largo de &#8230;<\/p>\n","protected":false},"author":7,"featured_media":61877,"comment_status":"open","ping_status":"open","sticky":false,"template":"","format":"standard","meta":{"footnotes":""},"categories":[5,19],"tags":[],"class_list":["post-62122","post","type-post","status-publish","format-standard","has-post-thumbnail","hentry","category-actualidad","category-cultura"],"_links":{"self":[{"href":"https:\/\/vinasfm.com\/noticias\/wp-json\/wp\/v2\/posts\/62122","targetHints":{"allow":["GET"]}}],"collection":[{"href":"https:\/\/vinasfm.com\/noticias\/wp-json\/wp\/v2\/posts"}],"about":[{"href":"https:\/\/vinasfm.com\/noticias\/wp-json\/wp\/v2\/types\/post"}],"author":[{"embeddable":true,"href":"https:\/\/vinasfm.com\/noticias\/wp-json\/wp\/v2\/users\/7"}],"replies":[{"embeddable":true,"href":"https:\/\/vinasfm.com\/noticias\/wp-json\/wp\/v2\/comments?post=62122"}],"version-history":[{"count":1,"href":"https:\/\/vinasfm.com\/noticias\/wp-json\/wp\/v2\/posts\/62122\/revisions"}],"predecessor-version":[{"id":62162,"href":"https:\/\/vinasfm.com\/noticias\/wp-json\/wp\/v2\/posts\/62122\/revisions\/62162"}],"wp:featuredmedia":[{"embeddable":true,"href":"https:\/\/vinasfm.com\/noticias\/wp-json\/wp\/v2\/media\/61877"}],"wp:attachment":[{"href":"https:\/\/vinasfm.com\/noticias\/wp-json\/wp\/v2\/media?parent=62122"}],"wp:term":[{"taxonomy":"category","embeddable":true,"href":"https:\/\/vinasfm.com\/noticias\/wp-json\/wp\/v2\/categories?post=62122"},{"taxonomy":"post_tag","embeddable":true,"href":"https:\/\/vinasfm.com\/noticias\/wp-json\/wp\/v2\/tags?post=62122"}],"curies":[{"name":"wp","href":"https:\/\/api.w.org\/{rel}","templated":true}]}}