{"id":62092,"date":"2019-11-23T08:42:18","date_gmt":"2019-11-23T11:42:18","guid":{"rendered":"http:\/\/vinasfm.com\/noticias\/?p=62092"},"modified":"2019-11-23T08:53:35","modified_gmt":"2019-11-23T11:53:35","slug":"estudiantes-con-discapacidad-podran-continuar-su-trayectoria-escolar-bajo-el-sistema-de-escolaridad-protegida","status":"publish","type":"post","link":"https:\/\/vinasfm.com\/noticias\/estudiantes-con-discapacidad-podran-continuar-su-trayectoria-escolar-bajo-el-sistema-de-escolaridad-protegida\/","title":{"rendered":"ESTUDIANTES CON DISCAPACIDAD PODR\u00c1N CONTINUAR SU TRAYECTORIA ESCOLAR BAJO EL SISTEMA DE ESCOLARIDAD PROTEGIDA"},"content":{"rendered":"<h4>Este programa garantiza el derecho a la educaci\u00f3n y la continuidad en las trayectorias escolares para aquellos j\u00f3venes con discapacidad que hayan transgredido un l\u00edmite innegociable para la normal convivencia escolar.<\/h4>\n<p>La Direcci\u00f3n General de Escuelas estableci\u00f3, a trav\u00e9s de la Resoluci\u00f3n 3653, publicada este jueves en el\u00a0<em>Bolet\u00edn Oficial<\/em>\u00a0de la Provincia, que los estudiantes con discapacidad incluidos en las escuelas de nivel secundario orientadas y t\u00e9cnicas de gesti\u00f3n estatal y privadas que hayan transgredido un l\u00edmite innegociable de acuerdo a la normativa escolar deber\u00e1n continuar su trayectoria escolar bajo el Sistema de Escolaridad Protegida.<\/p>\n<p>De esta manera, el Gobierno de Mendoza garantiza el derecho a la educaci\u00f3n de todos los j\u00f3venes que deben cumplir con los niveles obligatorios de educaci\u00f3n.<\/p>\n<p>Las instituciones educativas deber\u00e1n cuidar las trayectorias escolares de los estudiantes con discapacidad, generando distintas estrategias buscando como fin la convivencia escolar correcta tanto para estudiantes como para los docentes.<\/p>\n<p>Adem\u00e1s, en esta normativa se habilita al equipo de apoyo para la inclusi\u00f3n educativa y al equipo directivo referentes de estudiantes con discapacidad incluidos en el nivel secundario a formar parte del Consejo Directivo de Convivencia Escolar de la Escuela Inclusiva. Esto, para que act\u00faen y tomen decisiones sobre el accionar de alg\u00fan estudiante con discapacidad que haya transgredido y realizado acciones innegociables para la continuidad de la convivencia escolar.<\/p>\n<p>Se adjunta resoluci\u00f3n completa:\u00a0<a href=\"http:\/\/www.prensa.mendoza.gov.ar\/wp-content\/uploads\/sites\/5\/2019\/11\/resoluci%C3%B3n-3653.pdf\">Resoluci\u00f3n 3653<\/a><\/p>\n<h5><em><strong>A.C.<\/strong><\/em><\/h5>\n","protected":false},"excerpt":{"rendered":"<p>Este programa garantiza el derecho a la educaci\u00f3n y la continuidad en las trayectorias escolares para aquellos j\u00f3venes con discapacidad que &#8230;<\/p>\n","protected":false},"author":7,"featured_media":62094,"comment_status":"open","ping_status":"open","sticky":false,"template":"","format":"standard","meta":{"footnotes":""},"categories":[5,18],"tags":[],"class_list":["post-62092","post","type-post","status-publish","format-standard","has-post-thumbnail","hentry","category-actualidad","category-educacion"],"_links":{"self":[{"href":"https:\/\/vinasfm.com\/noticias\/wp-json\/wp\/v2\/posts\/62092","targetHints":{"allow":["GET"]}}],"collection":[{"href":"https:\/\/vinasfm.com\/noticias\/wp-json\/wp\/v2\/posts"}],"about":[{"href":"https:\/\/vinasfm.com\/noticias\/wp-json\/wp\/v2\/types\/post"}],"author":[{"embeddable":true,"href":"https:\/\/vinasfm.com\/noticias\/wp-json\/wp\/v2\/users\/7"}],"replies":[{"embeddable":true,"href":"https:\/\/vinasfm.com\/noticias\/wp-json\/wp\/v2\/comments?post=62092"}],"version-history":[{"count":1,"href":"https:\/\/vinasfm.com\/noticias\/wp-json\/wp\/v2\/posts\/62092\/revisions"}],"predecessor-version":[{"id":62093,"href":"https:\/\/vinasfm.com\/noticias\/wp-json\/wp\/v2\/posts\/62092\/revisions\/62093"}],"wp:featuredmedia":[{"embeddable":true,"href":"https:\/\/vinasfm.com\/noticias\/wp-json\/wp\/v2\/media\/62094"}],"wp:attachment":[{"href":"https:\/\/vinasfm.com\/noticias\/wp-json\/wp\/v2\/media?parent=62092"}],"wp:term":[{"taxonomy":"category","embeddable":true,"href":"https:\/\/vinasfm.com\/noticias\/wp-json\/wp\/v2\/categories?post=62092"},{"taxonomy":"post_tag","embeddable":true,"href":"https:\/\/vinasfm.com\/noticias\/wp-json\/wp\/v2\/tags?post=62092"}],"curies":[{"name":"wp","href":"https:\/\/api.w.org\/{rel}","templated":true}]}}