{"id":62017,"date":"2019-11-23T15:00:50","date_gmt":"2019-11-23T18:00:50","guid":{"rendered":"http:\/\/vinasfm.com\/noticias\/?p=62017"},"modified":"2019-11-25T12:34:59","modified_gmt":"2019-11-25T15:34:59","slug":"mujer-arbol-la-escultura-alvearense-que-revaloriza-la-lucha-contra-la-violencia-de-genero","status":"publish","type":"post","link":"https:\/\/vinasfm.com\/noticias\/mujer-arbol-la-escultura-alvearense-que-revaloriza-la-lucha-contra-la-violencia-de-genero\/","title":{"rendered":"MUJER-\u00c1RBOL: LA ESCULTURA ALVEARENSE QUE REVALORIZA LA LUCHA CONTRA LA VIOLENCIA DE G\u00c9NERO"},"content":{"rendered":"<h4><strong>En el marco del mes de la Eliminaci\u00f3n hacia la Violencia de la Mujer, cuyo d\u00eda es el pr\u00f3ximo 25, una estudiante alvearense revaloriz\u00f3 el simbolismo de los Bancos Rojos dispuestos en el boulevard de Avenida Libertador y realiz\u00f3 la instalaci\u00f3n de una escultura \u201crepresentando el \u00e1rbol de la vida\u201d.<\/strong><\/h4>\n<p>Se trata de <strong>Yanina Cabrera<\/strong>, alumna de <strong>4\u00ba del Profesorado de Artes del IES N\u00b0 9-007 \u201cSalvador Calafat\u201d<\/strong>, quien en solidaridad con la causa que lleva adelante la <strong><em>Agrupaci\u00f3n Madres de Pie<\/em><\/strong>, creo esta obra representado a una mujer golpeada como un \u00e1rbol y que busca la reflexi\u00f3n sobre un flagelo que golpea la vida de muchas mujeres a trav\u00e9s de la violencia psicol\u00f3gica, f\u00edsica y verbal.<\/p>\n<p><strong><em>F.M. Vi\u00f1as<\/em><\/strong>, se entrevist\u00f3 con la joven artista en el lugar donde estaba dispuesta la representaci\u00f3n y pudo conocer la motivaci\u00f3n que la llev\u00f3 a visibilizar esta lucha que sostienen agrupaciones, entidades y mujeres en cuanto a la violencia de g\u00e9nero.<\/p>\n<p><strong>\u00bfC\u00f3mo surgi\u00f3 tu pasi\u00f3n por el arte?<\/strong><\/p>\n<p>\u00ab<em>Estudi\u00e9 arte cuando sal\u00ed del secundario y no pude continuar la carrera en Mendoza. Ahora la he podido concluir. Es arte es mi vida cotidiana&#8230;un estilo de vida. En mi familia siempre me dieron la posibilidad de elegir lo que me gustaba. Mi mam\u00e1 es mi impulsora\u00bb.<\/em><\/p>\n<div id=\"attachment_62029\" style=\"width: 458px\" class=\"wp-caption aligncenter\"><img loading=\"lazy\" decoding=\"async\" aria-describedby=\"caption-attachment-62029\" class=\"wp-image-62029\" src=\"http:\/\/vinasfm.com\/noticias\/wp-content\/uploads\/2019\/11\/83a7f2d5-aa4d-4b7a-adc0-4b022b24a55f-300x146.jpg\" alt=\"\" width=\"458\" height=\"223\" srcset=\"https:\/\/vinasfm.com\/noticias\/wp-content\/uploads\/2019\/11\/83a7f2d5-aa4d-4b7a-adc0-4b022b24a55f-300x146.jpg 300w, https:\/\/vinasfm.com\/noticias\/wp-content\/uploads\/2019\/11\/83a7f2d5-aa4d-4b7a-adc0-4b022b24a55f-768x373.jpg 768w, https:\/\/vinasfm.com\/noticias\/wp-content\/uploads\/2019\/11\/83a7f2d5-aa4d-4b7a-adc0-4b022b24a55f-1024x498.jpg 1024w, https:\/\/vinasfm.com\/noticias\/wp-content\/uploads\/2019\/11\/83a7f2d5-aa4d-4b7a-adc0-4b022b24a55f.jpg 1280w\" sizes=\"auto, (max-width: 458px) 100vw, 458px\" \/><p id=\"caption-attachment-62029\" class=\"wp-caption-text\">Yanina Cabrera, artista alvearense comprometida en la lucha contra la violencia de g\u00e9nero.<\/p><\/div>\n<p>\u00ab<em>La oportunidad surge de una materia que se llama <strong>&#8216;producci\u00f3n art\u00edstica&#8217;<\/strong> que propon\u00eda realizar una obra de arte a las afueras pero ten\u00eda que estar vinculado con un sentimiento y a algo social. Estoy en contra de cualquier tipo de violencia as\u00ed tambi\u00e9n como del maltrato animal pero en este caso eleg\u00ed este tema por la empat\u00eda que tengo con las mujeres, y para darle apoyo y concientizaci\u00f3n a la gente. Cuando surgi\u00f3 la idea eleg\u00ed el banco rojo, lo ve\u00eda vac\u00edo, quer\u00eda dejar una huella.\u00a0 Quise hacer algo que impactara y fuera con mucho respeto. Con mi profesora pedimos permiso a la Asesor\u00eda de la mujer para hacerla<\/em>\u00ab, expres\u00f3.<\/p>\n<p><strong>-\u00bfQu\u00e9 representa?<\/strong><\/p>\n<div id=\"attachment_62031\" style=\"width: 225px\" class=\"wp-caption alignleft\"><img loading=\"lazy\" decoding=\"async\" aria-describedby=\"caption-attachment-62031\" class=\"wp-image-62031 size-medium\" src=\"http:\/\/vinasfm.com\/noticias\/wp-content\/uploads\/2019\/11\/e6455235-d702-4e09-8004-173fccae9340-225x300.jpg\" alt=\"\" width=\"225\" height=\"300\" srcset=\"https:\/\/vinasfm.com\/noticias\/wp-content\/uploads\/2019\/11\/e6455235-d702-4e09-8004-173fccae9340-225x300.jpg 225w, https:\/\/vinasfm.com\/noticias\/wp-content\/uploads\/2019\/11\/e6455235-d702-4e09-8004-173fccae9340.jpg 720w\" sizes=\"auto, (max-width: 225px) 100vw, 225px\" \/><p id=\"caption-attachment-62031\" class=\"wp-caption-text\">La escultura ser\u00e1 donada al refugio de la Agrupaci\u00f3n Madres de Pie.<\/p><\/div>\n<p><em>\u00abLo que quise hacer es impulsar a trav\u00e9s del color y la textura y desde la postura causar impacto en la gente para que le cause algo cuando lo vea. Me bas\u00e9 en la tem\u00e1tica del \u00e1rbol de la vida pero totalmente lastimado, la posici\u00f3n es sumisa, sin brazos en representaci\u00f3n que\u00a0 no le queda nada en las manos a la v\u00edctima. En la espalda tiene atravesada ramas secas que lo vincul\u00e9 con todos los tipos de violencias: f\u00edsicas, psicol\u00f3gicas, sexuales. Le puse ramas verdes que simbolizan a la familia y todos los que quedan luchando por esa persona. Tiene ra\u00edces rojas enredadas que las considero como agresiones que atrapan a la v\u00edctima. Encontr\u00e9 en todo un simbolismo y no hubiera sido lo mismo instalarla en otro lado. Creo que el simbolismo lo tiene tambi\u00e9n el banco<\/em>\u00bb<\/p>\n<p>Cabrera la donar\u00e1 dicha escultura al refugio\u00a0 &#8216;Madres de Pie&#8217; de la Ciudad de Mendoza: \u00ab<em>Tuve la posibilidad de hablar con Graciela\u00a0 Bianchi que es la que impuls\u00f3 la colocaci\u00f3n de\u00a0 los bancos rojos en distintas partes. Estaba muy impactada, se sintieron todas identificadas\u201d. <\/em><\/p>\n<p><strong>-\u00bfLa relaci\u00f3n del \u00e1rbol de la vida con la mujer tiene que ver con la capacidad femenina de dar vida en todo sentido?<\/strong><\/p>\n<p>\u00ab<em>Si. <strong>Las mujeres damos vida en todo, somos superadoras de muchas cosas, tenemos muchas capacidades que por ah\u00ed no son visibilizadas<\/strong>. Las mujeres damos vida desde todo&#8230;desde un abrazo, un consejo y en las luchas, tenemos la luz de poder generar cosas. Es la primera vez que puedo sacar una obra afuera y que se conozca. Ha sido muy gratificante, y quiero vincularme a otro tipo de causas. Mi marido est\u00e1 vinculado al arte y queremos a trav\u00e9s de t\u00edteres demostrar distintas problem\u00e1ticas y trasladarlo a las escuelas<\/em>\u00bb<\/p>\n<p><strong>-\u00bfLa proyectaste desde el principio de la misma forma en que la vemos o la fuiste modificando sobre la marcha?<\/strong><\/p>\n<p>\u00ab<em>Al principio iba a ser un \u00e1rbol geneal\u00f3gico dado vuelta por las tradiciones de nuestras abuelas porque en su \u00e9poca la violencia era algo com\u00fan, se naturalizaba. Iba a tener un nudo en el centro. Pero despu\u00e9s lo modifique por el \u00e1rbol de la vida. Adem\u00e1s hice un boceto en dibujo y una maqueta y qued\u00f3 la figura que represent\u00e9, quer\u00eda que fuera una figura femenina. <strong>Quer\u00eda algo directo<\/strong><\/em>\u00ab.<\/p>\n<p><strong>-Visibilizar este tipo de representaciones \u00bfAnima a v\u00edctimas de violencia a buscar otras alternativas de vida?<\/strong><\/p>\n<p><em>\u00abSi, cualquier apoyo que se le d\u00e9 sirve. La persona que sufre violencia se siente sola, es algo de lo que no puede salir. Tambi\u00e9n hay que vincular a los hombres que apoyan la causa en sobremanera\u00bb.<\/em><\/p>\n<p><strong>-\u00bfQu\u00e9 consejo le dar\u00edas a las mujeres que sufren alg\u00fan tipo de violencia?<\/strong><\/p>\n<p>\u00ab<em><strong>Que no se cierren<\/strong>. Cuando uno tiene un problema cree que est\u00e1 solo pero no es as\u00ed, siempre hay alguien que te acompa\u00f1a. Mi mam\u00e1 siempre ayuda a mujeres y hombres que sufren violencia, siempre ayud\u00f3 a muchas personas y de ella aprend\u00ed mucho. Creo que tenemos que tener empat\u00eda con las personas que pasan por cualquier tipo de situaci\u00f3n. Cualquier tipo de ayuda tiene valor. Tenemos que tener m\u00e1s conciencia para ayudar a quienes pasan por esto<\/em>\u00ab.<\/p>\n<h5><em>F.B. \/R.B. (F.M. Vi\u00f1as).<\/em><\/h5>\n","protected":false},"excerpt":{"rendered":"<p>En el marco del mes de la Eliminaci\u00f3n hacia la Violencia de la Mujer, cuyo d\u00eda es el pr\u00f3ximo 25, una &#8230;<\/p>\n","protected":false},"author":8,"featured_media":62028,"comment_status":"open","ping_status":"open","sticky":false,"template":"","format":"standard","meta":{"footnotes":""},"categories":[5],"tags":[],"class_list":["post-62017","post","type-post","status-publish","format-standard","has-post-thumbnail","hentry","category-actualidad"],"_links":{"self":[{"href":"https:\/\/vinasfm.com\/noticias\/wp-json\/wp\/v2\/posts\/62017","targetHints":{"allow":["GET"]}}],"collection":[{"href":"https:\/\/vinasfm.com\/noticias\/wp-json\/wp\/v2\/posts"}],"about":[{"href":"https:\/\/vinasfm.com\/noticias\/wp-json\/wp\/v2\/types\/post"}],"author":[{"embeddable":true,"href":"https:\/\/vinasfm.com\/noticias\/wp-json\/wp\/v2\/users\/8"}],"replies":[{"embeddable":true,"href":"https:\/\/vinasfm.com\/noticias\/wp-json\/wp\/v2\/comments?post=62017"}],"version-history":[{"count":1,"href":"https:\/\/vinasfm.com\/noticias\/wp-json\/wp\/v2\/posts\/62017\/revisions"}],"predecessor-version":[{"id":62041,"href":"https:\/\/vinasfm.com\/noticias\/wp-json\/wp\/v2\/posts\/62017\/revisions\/62041"}],"wp:featuredmedia":[{"embeddable":true,"href":"https:\/\/vinasfm.com\/noticias\/wp-json\/wp\/v2\/media\/62028"}],"wp:attachment":[{"href":"https:\/\/vinasfm.com\/noticias\/wp-json\/wp\/v2\/media?parent=62017"}],"wp:term":[{"taxonomy":"category","embeddable":true,"href":"https:\/\/vinasfm.com\/noticias\/wp-json\/wp\/v2\/categories?post=62017"},{"taxonomy":"post_tag","embeddable":true,"href":"https:\/\/vinasfm.com\/noticias\/wp-json\/wp\/v2\/tags?post=62017"}],"curies":[{"name":"wp","href":"https:\/\/api.w.org\/{rel}","templated":true}]}}