{"id":62,"date":"2015-04-25T10:44:43","date_gmt":"2015-04-25T13:44:43","guid":{"rendered":"http:\/\/vinasfm.com\/noticias\/?p=62"},"modified":"2015-04-25T10:45:10","modified_gmt":"2015-04-25T13:45:10","slug":"visita-al-area-de-cultivos-restringidos-especiales","status":"publish","type":"post","link":"https:\/\/vinasfm.com\/noticias\/visita-al-area-de-cultivos-restringidos-especiales\/","title":{"rendered":"Visita al \u00e1rea de Cultivos Restringidos Especiales"},"content":{"rendered":"<p><strong>El Intendente Municipal visit\u00f3 el predio del ACRE donde se producen forestales para industria y cuidado del ambiente.<\/strong><\/p>\n<p>El Intendente Municipal Ing. Juan Carlos de Paolo, visit\u00f3 el \u00c1rea de Cultivos Restringidos Especiales (ACRE) durante la jornada del d\u00eda jueves. La misma se encuentra ubicada al sur de las piletas de oxidaci\u00f3n de cloacas y al oeste de la Planta de Residuos S\u00f3lidos Urbanos.<\/p>\n<p>General Alvear se ha convertido en municipio pionero en la provincia, en disponer y destinar una gran cantidad de hect\u00e1reas, alrededor de 200, para la producci\u00f3n de forestales para industria y primordialmente por el cuidado del medio ambiente. Adem\u00e1s, cabe destacar que se reutiliza los efluentes tratados naturalmente que salen de las piletas de cloacas con alta carga de nutrientes, sin contaminar el aire, el suelo y el agua.<\/p>\n<p>Con trabajos de nivelaci\u00f3n y limpieza, se ha realizado la distribuci\u00f3n del riego con sus respectivos puentes, canales e hijuelas. Asimismo, se han implantado estacas de \u00e1lamos, nogal, eucaliptus  y otras especies para la industria.<\/p>\n<p>\u201cEsto es salud, es ambiente y es recurso econ\u00f3mico. La intenci\u00f3n de esta temporada es entregar a los productores interesados 200 mil estacas de \u00e1lamo para que formen cortinas forestales. El a\u00f1o que viene planeamos entregar medio mill\u00f3n de estacas por a\u00f1o. Adem\u00e1s, haremos convenios con aserraderos del departamento para industrializar la madera\u201d indic\u00f3 el Jefe Municipal.<br \/>\n<img loading=\"lazy\" decoding=\"async\" src=\"http:\/\/vinasfm.com\/noticias\/wp-content\/uploads\/2015\/04\/cultivos-300x168.jpg\" alt=\"Cultivos Restringidos\" width=\"300\" height=\"168\" class=\"alignnone size-medium wp-image-64\" \/><\/p>\n","protected":false},"excerpt":{"rendered":"<p>El Intendente Municipal visit\u00f3 el predio del ACRE donde se producen forestales para industria y cuidado del ambiente. El Intendente Municipal &#8230;<\/p>\n","protected":false},"author":1,"featured_media":63,"comment_status":"open","ping_status":"open","sticky":false,"template":"","format":"standard","meta":{"footnotes":""},"categories":[5],"tags":[],"class_list":["post-62","post","type-post","status-publish","format-standard","has-post-thumbnail","hentry","category-actualidad"],"_links":{"self":[{"href":"https:\/\/vinasfm.com\/noticias\/wp-json\/wp\/v2\/posts\/62","targetHints":{"allow":["GET"]}}],"collection":[{"href":"https:\/\/vinasfm.com\/noticias\/wp-json\/wp\/v2\/posts"}],"about":[{"href":"https:\/\/vinasfm.com\/noticias\/wp-json\/wp\/v2\/types\/post"}],"author":[{"embeddable":true,"href":"https:\/\/vinasfm.com\/noticias\/wp-json\/wp\/v2\/users\/1"}],"replies":[{"embeddable":true,"href":"https:\/\/vinasfm.com\/noticias\/wp-json\/wp\/v2\/comments?post=62"}],"version-history":[{"count":1,"href":"https:\/\/vinasfm.com\/noticias\/wp-json\/wp\/v2\/posts\/62\/revisions"}],"predecessor-version":[{"id":66,"href":"https:\/\/vinasfm.com\/noticias\/wp-json\/wp\/v2\/posts\/62\/revisions\/66"}],"wp:featuredmedia":[{"embeddable":true,"href":"https:\/\/vinasfm.com\/noticias\/wp-json\/wp\/v2\/media\/63"}],"wp:attachment":[{"href":"https:\/\/vinasfm.com\/noticias\/wp-json\/wp\/v2\/media?parent=62"}],"wp:term":[{"taxonomy":"category","embeddable":true,"href":"https:\/\/vinasfm.com\/noticias\/wp-json\/wp\/v2\/categories?post=62"},{"taxonomy":"post_tag","embeddable":true,"href":"https:\/\/vinasfm.com\/noticias\/wp-json\/wp\/v2\/tags?post=62"}],"curies":[{"name":"wp","href":"https:\/\/api.w.org\/{rel}","templated":true}]}}