{"id":61937,"date":"2019-11-21T08:25:16","date_gmt":"2019-11-21T11:25:16","guid":{"rendered":"http:\/\/vinasfm.com\/noticias\/?p=61937"},"modified":"2019-11-21T08:25:16","modified_gmt":"2019-11-21T11:25:16","slug":"bowen-secuestraron-un-revolver-del-interior-de-una-camioneta","status":"publish","type":"post","link":"https:\/\/vinasfm.com\/noticias\/bowen-secuestraron-un-revolver-del-interior-de-una-camioneta\/","title":{"rendered":"BOWEN: SECUESTRARON UN REVOLVER DEL INTERIOR DE UNA CAMIONETA"},"content":{"rendered":"<h4><strong>El conductor de una camioneta fue detenido en horas de la tarde de este mi\u00e9rcoles en Bowen por no poder justificar la tenencia de un arma de fuego que transportaba en el interior de la movilidad<\/strong>.<\/h4>\n<p>La detenci\u00f3n y el secuestro se dan en el marco de un control vial que realizaba personal del UMAR el d\u00eda de ayer en la <strong>intersecci\u00f3n de calles 22 y E<\/strong>, Bowen. A las <strong>19:40h<\/strong> requisaron una camioneta <strong>Ford F-100<\/strong>, en la cual hallaron un <strong>revolver calibre 32 con 5 cartuchos en el tambor<\/strong>, elementos que el conductor (64) no pudo justificar.<\/p>\n<p>Por este hecho se labraron actuaciones caratuladas como \u201c<strong>tenencia ilegal de arma de fuego<\/strong>\u201d bajo instrucci\u00f3n de la Unidad Fiscal de Comisaria 46\u00aa.<\/p>\n<h5><em>F.B. (F.M. Vi\u00f1as).<\/em><\/h5>\n","protected":false},"excerpt":{"rendered":"<p>El conductor de una camioneta fue detenido en horas de la tarde de este mi\u00e9rcoles en Bowen por no poder justificar &#8230;<\/p>\n","protected":false},"author":8,"featured_media":51332,"comment_status":"open","ping_status":"open","sticky":false,"template":"","format":"standard","meta":{"footnotes":""},"categories":[5,4],"tags":[],"class_list":["post-61937","post","type-post","status-publish","format-standard","has-post-thumbnail","hentry","category-actualidad","category-policiales"],"_links":{"self":[{"href":"https:\/\/vinasfm.com\/noticias\/wp-json\/wp\/v2\/posts\/61937","targetHints":{"allow":["GET"]}}],"collection":[{"href":"https:\/\/vinasfm.com\/noticias\/wp-json\/wp\/v2\/posts"}],"about":[{"href":"https:\/\/vinasfm.com\/noticias\/wp-json\/wp\/v2\/types\/post"}],"author":[{"embeddable":true,"href":"https:\/\/vinasfm.com\/noticias\/wp-json\/wp\/v2\/users\/8"}],"replies":[{"embeddable":true,"href":"https:\/\/vinasfm.com\/noticias\/wp-json\/wp\/v2\/comments?post=61937"}],"version-history":[{"count":1,"href":"https:\/\/vinasfm.com\/noticias\/wp-json\/wp\/v2\/posts\/61937\/revisions"}],"predecessor-version":[{"id":61938,"href":"https:\/\/vinasfm.com\/noticias\/wp-json\/wp\/v2\/posts\/61937\/revisions\/61938"}],"wp:featuredmedia":[{"embeddable":true,"href":"https:\/\/vinasfm.com\/noticias\/wp-json\/wp\/v2\/media\/51332"}],"wp:attachment":[{"href":"https:\/\/vinasfm.com\/noticias\/wp-json\/wp\/v2\/media?parent=61937"}],"wp:term":[{"taxonomy":"category","embeddable":true,"href":"https:\/\/vinasfm.com\/noticias\/wp-json\/wp\/v2\/categories?post=61937"},{"taxonomy":"post_tag","embeddable":true,"href":"https:\/\/vinasfm.com\/noticias\/wp-json\/wp\/v2\/tags?post=61937"}],"curies":[{"name":"wp","href":"https:\/\/api.w.org\/{rel}","templated":true}]}}