{"id":61849,"date":"2019-11-19T00:24:10","date_gmt":"2019-11-19T03:24:10","guid":{"rendered":"http:\/\/vinasfm.com\/noticias\/?p=61849"},"modified":"2019-11-20T10:27:38","modified_gmt":"2019-11-20T13:27:38","slug":"el-pj-frenaria-el-tratamiento-de-los-cambios-de-la-7722-en-el-senado","status":"publish","type":"post","link":"https:\/\/vinasfm.com\/noticias\/el-pj-frenaria-el-tratamiento-de-los-cambios-de-la-7722-en-el-senado\/","title":{"rendered":"EL PJ FRENAR\u00cdA EL TRATAMIENTO DE LOS CAMBIOS DE LA 7722 EN EL SENADO"},"content":{"rendered":"<p><strong>Si bien hay voluntad expl\u00edcita por parte del Ejecutivo de tratar este martes la modificaci\u00f3n de la Ley Provincial 7722, de cuidado del agua y prohibici\u00f3n de la miner\u00eda metal\u00edfera a cielo abierto, el PJ va a bloquear la discusi\u00f3n, al menos por ahora.<\/strong><\/p>\n<p>Hay que tener en cuenta que la de este martes 19 de noviembre, ser\u00e1 la \u00faltima sesi\u00f3n con esta conformaci\u00f3n de C\u00e1mara, y el peronismo no est\u00e1 de acuerdo con el despacho que se elabor\u00f3 en base a los dos proyectos que pertenecen, justamente, a dos peronistas: Juan Agulles y Alejandro Abraham.<\/p>\n<p>Seg\u00fan la senadora Patricia Fadel -quien termina su mandato como presidenta del bloque- el PJ no le va a habilitar al oficialismo la votaci\u00f3n, puesto que se necesitan los 2\/3 de los senadores presentes.\u00a0 Esto es porque la iniciativa no tiene preferencia y hay que debatirla sobre tablas.<\/p>\n<p><strong>La postura del PJ<\/strong><\/p>\n<p>Despu\u00e9s de una reuni\u00f3n entre los intendentes, Guillermo Carmona y Anabel Fern\u00e1ndez Sagasti, se consensu\u00f3 una postura de bloque.<\/p>\n<p>El PJ quiere que exista una pol\u00edtica de estado en cuanto a miner\u00eda.<\/p>\n<p>\u00abPara cambiar una ley tan importante, ya que involucra una modificaci\u00f3n de la matriz productiva provincial, lo que tiene que existir es consenso social y una pol\u00edtica de estado, y no s\u00f3lo el acuerdo parlamentario\u00bb.<\/p>\n<p>Para esto, sostienen que se requiere\u00a0 que los cambios vengan acompa\u00f1ados de consenso social -que actualmente y salvo en Malarg\u00fce, no existe- y de algunos requisitos.<\/p>\n<p>\u00abPara cambiar una ley tan importante, ya que involucra una modificaci\u00f3n de la matriz productiva provincial, lo que tiene que existir es consenso social y una pol\u00edtica de estado, no s\u00f3lo el acuerdo parlamentario\u00bb.<\/p>\n<p>Uno de ellos es la conformaci\u00f3n de una agencia ambiental, que monitoree las inversiones mineras. La otra es la creaci\u00f3n de una empresa mixta, (al estilo de EMESA) de la que participe el Estado y los privados, y que sea la impulsora de los proyectos de explotaci\u00f3n. Sin que esto suceda, el bloque peronista no habilitar\u00e1 la discusi\u00f3n.<\/p>\n<p><strong>El panorama en el Senado<\/strong><\/p>\n<p>En el Senado, todo depende de los legisladores presentes en la sesi\u00f3n. Lo que es seguro es que se necesitan los 2\/3 de la C\u00e1mara a favor del tratamiento. Si estuvieran los 38, tendr\u00edan que haber 25 votos positivos y el proyecto podr\u00eda ser debatido.<\/p>\n<p>Hasta el momento, el oficialismo no tiene esa cantidad de votos asegurados. Pero, adem\u00e1s, el presidente del bloque oficialista, Diego Costarelli, ya lo ha destacado en varias oportunidades: La actual gesti\u00f3n quiere un consenso amplio para discutir estos cambios, no le basta s\u00f3lo con tener los votos suficientes, quiere que el PJ acompa\u00f1e en pleno.<\/p>\n<p>Este martes habr\u00e1 una reuni\u00f3n, impulsada por el Ejecutivo, en la Legislatura, para tomar una decisi\u00f3n pol\u00edtica de conjunto. Sin embargo, el peronismo no quiere asistir. A menos que algo cambie en el transcurso del d\u00eda, la postura es no estar presentes.<\/p>\n<p><strong>Acciones ambientalistas <\/strong><\/p>\n<p>Entre la noche del lunes 18\u00a0 y la ma\u00f1ana del martes 19 de noviembre, se desarrollan una cantidad de acciones ambientalistas en toda la provincia.<\/p>\n<h5><em><strong>Fuente: Uno de Mendoza \/ A.C.<\/strong><\/em><\/h5>\n","protected":false},"excerpt":{"rendered":"<p>Si bien hay voluntad expl\u00edcita por parte del Ejecutivo de tratar este martes la modificaci\u00f3n de la Ley Provincial 7722, de &#8230;<\/p>\n","protected":false},"author":7,"featured_media":60110,"comment_status":"open","ping_status":"open","sticky":false,"template":"","format":"standard","meta":{"footnotes":""},"categories":[43,48],"tags":[],"class_list":["post-61849","post","type-post","status-publish","format-standard","has-post-thumbnail","hentry","category-legislatura","category-mineria"],"_links":{"self":[{"href":"https:\/\/vinasfm.com\/noticias\/wp-json\/wp\/v2\/posts\/61849","targetHints":{"allow":["GET"]}}],"collection":[{"href":"https:\/\/vinasfm.com\/noticias\/wp-json\/wp\/v2\/posts"}],"about":[{"href":"https:\/\/vinasfm.com\/noticias\/wp-json\/wp\/v2\/types\/post"}],"author":[{"embeddable":true,"href":"https:\/\/vinasfm.com\/noticias\/wp-json\/wp\/v2\/users\/7"}],"replies":[{"embeddable":true,"href":"https:\/\/vinasfm.com\/noticias\/wp-json\/wp\/v2\/comments?post=61849"}],"version-history":[{"count":1,"href":"https:\/\/vinasfm.com\/noticias\/wp-json\/wp\/v2\/posts\/61849\/revisions"}],"predecessor-version":[{"id":61851,"href":"https:\/\/vinasfm.com\/noticias\/wp-json\/wp\/v2\/posts\/61849\/revisions\/61851"}],"wp:featuredmedia":[{"embeddable":true,"href":"https:\/\/vinasfm.com\/noticias\/wp-json\/wp\/v2\/media\/60110"}],"wp:attachment":[{"href":"https:\/\/vinasfm.com\/noticias\/wp-json\/wp\/v2\/media?parent=61849"}],"wp:term":[{"taxonomy":"category","embeddable":true,"href":"https:\/\/vinasfm.com\/noticias\/wp-json\/wp\/v2\/categories?post=61849"},{"taxonomy":"post_tag","embeddable":true,"href":"https:\/\/vinasfm.com\/noticias\/wp-json\/wp\/v2\/tags?post=61849"}],"curies":[{"name":"wp","href":"https:\/\/api.w.org\/{rel}","templated":true}]}}