{"id":61831,"date":"2019-11-19T09:58:09","date_gmt":"2019-11-19T12:58:09","guid":{"rendered":"http:\/\/vinasfm.com\/noticias\/?p=61831"},"modified":"2019-11-20T10:24:29","modified_gmt":"2019-11-20T13:24:29","slug":"achetoni-se-mostro-preocupado-por-los-intentos-en-cambiar-la-matriz-productiva-de-mendoza","status":"publish","type":"post","link":"https:\/\/vinasfm.com\/noticias\/achetoni-se-mostro-preocupado-por-los-intentos-en-cambiar-la-matriz-productiva-de-mendoza\/","title":{"rendered":"ACHETONI SE MOSTR\u00d3 PREOCUPADO POR LOS INTENTOS EN CAMBIAR LA MATRIZ PRODUCTIVA DE MENDOZA"},"content":{"rendered":"<h4><strong>El presidente de Federaci\u00f3n Agraria Argentina, Carlos Achetoni fue uno de los participantes de la denominada \u201cMesa en contra del Hambre\u201d, donde se plante\u00f3 la situaci\u00f3n Argentina de pobreza, indigencia, hambre y la demanda alimentos. En dialogo con F.M. Vi\u00f1as tambi\u00e9n mostr\u00f3 preocupado por los intentos de modificar la matriz productiva de la provincia para favorecer al sector minero.\u00a0<\/strong><\/h4>\n<p>La invitaci\u00f3n a la FAA lleg\u00f3 por parte del posible futuro Ministro de Desarrollo Daniel Arroyo y el Presidente electo Alberto Fern\u00e1ndez. <em>\u201cHay una preocupaci\u00f3n por salir de esta situaci\u00f3n de pobreza y hambre\u201d,<\/em> reflej\u00f3 el dirigente rural.<\/p>\n<p><strong><em>\u201cFui muy claro en decir que FAA representa a peque\u00f1os productores, que parad\u00f3jicamente generan alimentos y est\u00e1n por debajo de la l\u00ednea de pobreza\u201d.<\/em> <\/strong>All\u00ed tambi\u00e9n se tuvo la posibilidad de <strong>exponer la cr\u00edtica situaci\u00f3n que atraviesan las econom\u00edas regionales<\/strong> de pr\u00e1cticamente todo el pa\u00eds.<\/p>\n<p><strong>En relaci\u00f3n a esto y en el marco de intentos por modificar la Ley 7.722 Achetoni sostuvo \u201c<em>no entiendo porque toda la clase pol\u00edtica de Mendoza se obstina en pretender cambiarle la matriz productiva en un pa\u00eds y mundo que demanda alimentos\u201d.<\/em><\/strong><\/p>\n<p><em>\u201cLo que se debe cambiar de una vez por todas es la matriz econ\u00f3mica, que de una vez por todas se deje de ir en contra de los productores, cada m\u00e1s empobrecidos producto de la fuerte concentraci\u00f3n en la renta y que es la misma que hace que muchos sectores carenciados no puedan acceder a los alimentos\u201d<\/em><\/p>\n<p><strong>El dirigente tambi\u00e9n expreso que si el sector agr\u00edcola, ganadero tuviera los mismos beneficios que tiene la miner\u00eda (subsidios, menor carga impositiva), distinta ser\u00eda la situaci\u00f3n, \u201c<em>crear\u00edamos much\u00edsimos m\u00e1s empleos y estabilidad\u201d.<\/em><\/strong><\/p>\n<p>Previo a la movilizaci\u00f3n de la noche del lunes desde FAA (Federaci\u00f3n Agraria Argentina) se emiti\u00f3 un comunicado acompa\u00f1ando a todas las filiales de Mendoza en cada punto de la provincia, en defensa de la 7.722.<\/p>\n<p><strong>\u201c<em>Todas las actividades tienen derecho a desarrollarse pero ninguna ir en desmedro de otra y mucho menos en desmedro del ambiente.<\/em><\/strong><em> El recurso h\u00eddrico es escaso, est\u00e1 en una situaci\u00f3n extremadamente critica, es impensado generar cualquier actividad que pueda comprometer la calidad y cantidad del agua\u201d<\/em> se\u00f1al\u00f3 Achetoni.<\/p>\n<p>En el marco de a<strong>cuerdos in\u00e9ditos entre el oficialismo y oposici\u00f3n<\/strong>, poderes legislativo y ejecutivo \u201c<em>el freno se lo tiene que poner la sociedad\u201d.<\/em><\/p>\n<p><strong><em>\u201cLa miner\u00eda debe desarrollarse pero no la que atente contra el ambiente\u201d,<\/em>\u00a0<\/strong>complet\u00f3.<\/p>\n<h5><em><strong>A.C.<\/strong><\/em><\/h5>\n","protected":false},"excerpt":{"rendered":"<p>El presidente de Federaci\u00f3n Agraria Argentina, Carlos Achetoni fue uno de los participantes de la denominada \u201cMesa en contra del Hambre\u201d, &#8230;<\/p>\n","protected":false},"author":7,"featured_media":41410,"comment_status":"open","ping_status":"open","sticky":false,"template":"","format":"standard","meta":{"footnotes":""},"categories":[5,14,48],"tags":[],"class_list":["post-61831","post","type-post","status-publish","format-standard","has-post-thumbnail","hentry","category-actualidad","category-agro","category-mineria"],"_links":{"self":[{"href":"https:\/\/vinasfm.com\/noticias\/wp-json\/wp\/v2\/posts\/61831","targetHints":{"allow":["GET"]}}],"collection":[{"href":"https:\/\/vinasfm.com\/noticias\/wp-json\/wp\/v2\/posts"}],"about":[{"href":"https:\/\/vinasfm.com\/noticias\/wp-json\/wp\/v2\/types\/post"}],"author":[{"embeddable":true,"href":"https:\/\/vinasfm.com\/noticias\/wp-json\/wp\/v2\/users\/7"}],"replies":[{"embeddable":true,"href":"https:\/\/vinasfm.com\/noticias\/wp-json\/wp\/v2\/comments?post=61831"}],"version-history":[{"count":1,"href":"https:\/\/vinasfm.com\/noticias\/wp-json\/wp\/v2\/posts\/61831\/revisions"}],"predecessor-version":[{"id":61834,"href":"https:\/\/vinasfm.com\/noticias\/wp-json\/wp\/v2\/posts\/61831\/revisions\/61834"}],"wp:featuredmedia":[{"embeddable":true,"href":"https:\/\/vinasfm.com\/noticias\/wp-json\/wp\/v2\/media\/41410"}],"wp:attachment":[{"href":"https:\/\/vinasfm.com\/noticias\/wp-json\/wp\/v2\/media?parent=61831"}],"wp:term":[{"taxonomy":"category","embeddable":true,"href":"https:\/\/vinasfm.com\/noticias\/wp-json\/wp\/v2\/categories?post=61831"},{"taxonomy":"post_tag","embeddable":true,"href":"https:\/\/vinasfm.com\/noticias\/wp-json\/wp\/v2\/tags?post=61831"}],"curies":[{"name":"wp","href":"https:\/\/api.w.org\/{rel}","templated":true}]}}