{"id":61830,"date":"2019-11-19T10:07:34","date_gmt":"2019-11-19T13:07:34","guid":{"rendered":"http:\/\/vinasfm.com\/noticias\/?p=61830"},"modified":"2019-11-21T08:33:12","modified_gmt":"2019-11-21T11:33:12","slug":"la-clara-consigna-de-alvear-sobre-la-modificacion-de-la-7722-el-agua-de-mendoza-no-se-negocia","status":"publish","type":"post","link":"https:\/\/vinasfm.com\/noticias\/la-clara-consigna-de-alvear-sobre-la-modificacion-de-la-7722-el-agua-de-mendoza-no-se-negocia\/","title":{"rendered":"LA CLARA CONSIGNA DE ALVEAR SOBRE LA MODIFICACI\u00d3N DE LA 7722: \u2018EL AGUA DE MENDOZA NO SE NEGOCIA\u2019"},"content":{"rendered":"<h4><strong>Luego de los pedidos y aparentes consensos para comenzar a tratar\u00a0<strong style=\"font-style: inherit;\">reformas a la<\/strong><\/strong><strong>\u00a0Ley 7.722<\/strong><strong>, distintas organizaciones comenzaron a movilizarse a lo largo de la provincia y a expresar por distintos medios su oposici\u00f3n a dichas medidas. <\/strong><strong>Este lunes a partir de las 20 horas, el pueblo de General Alvear volvi\u00f3 a congregarse para defender la Ley 7.722. La convocatoria fue en la Plaza Departamental y fue promovida por la Multisectorial y la Asamblea del Pueblo, entre otras entidades.<\/strong><\/h4>\n<p>Las movilizaciones se dan en el marco de <strong>embates legislativos, empresarios y medi\u00e1ticos para intentar modificarla, incluso derogarla.<\/strong>\u00a0Se pretender\u00eda hacerlo antes del cambio de gobierno para evitar un\u00a0<strong>costo pol\u00edtico a la nueva gesti\u00f3n<\/strong>. Los n\u00fameros en ambas c\u00e1maras legislativas estar\u00edan dados gracias a <strong>acuerdos entre el oficialismo y la oposici\u00f3n<\/strong>.<\/p>\n<p>La reforma, que permitir\u00eda comenzar con ciertas explotaciones mineras, hoy restringidas por la norma, aceptando la utilizaci\u00f3n de algunas sustancias, hoy prohibidas en la miner\u00eda metal\u00fargica, estuvo en carpeta de casi todas las fuerzas pol\u00edticas, especialmente en las dos mayoritarias.<\/p>\n<p><strong>CONVOCATORIA EN LA PLAZA DEPARTAMENTAL<\/strong><\/p>\n<p>Cientos de alvearenses se autoconvocaron anoche copando el espacio con carteles y pancartas rechazando cualquier modificaci\u00f3n a la legislaci\u00f3n que proh\u00edbe el uso de sustancias t\u00f3xicas en la miner\u00eda.<\/p>\n<p>Uno de los oradores fue <strong>Miguel \u00c1ngel Rodr\u00edguez <\/strong>quien se manifest\u00f3 a favor de la movilizaci\u00f3n y destac\u00f3 que \u201c<strong><em>la continuidad de nuestra lucha por el agua est\u00e1 garantizada en el tiempo por estos j\u00f3venes maravillosos<\/em><\/strong><em>. <strong>Estamos recibiendo alguna informaci\u00f3n sobre el tratamiento y la posible modificaci\u00f3n de la Ley surgida de dos legisladores justicialista<\/strong>. El Bloque PJ en la Legislatura no quiere tratar los proyectos de sus propios senadores y pretenden que el oficialismo presente un proyecto para tratar la 7722<\/em>\u201d.<\/p>\n<p>En la misma l\u00ednea convoc\u00f3 a todos los vecinos a partir de las 11 de este martes a participar de otra Asamblea en la que se definir\u00e1n las medidas a tomar en base a lo que ocurra en la Casa de las Leyes provincial en torno al tratamiento y\/ derogaci\u00f3n de la \u201cLey del Pueblo\u201d.<\/p>\n<p>Por su parte <strong>Marcos Techeira<\/strong> realiz\u00f3 un recorrido hist\u00f3rico de las extracciones desmedidas de nuestros recursos por parte de grupos empresarios extranjeros que se asentaron en nuestro pa\u00eds: \u201c<em>Trajeron infierno, explotaci\u00f3n, llanto y hambre y hoy justificando todo esto desde su l\u00f3gica neoliberal y corporativa un mundo para pocos sostenido con mentiras y respaldado con el terror de sus bases militares. 500 a\u00f1os de tristeza par a un pueblo humillado, desocupado y perseguido. <strong>Comprando voluntades hoy vienen por nosotros y por eso defendemos la 7722<\/strong>. <strong>El agua de Mendoza no se negocia<\/strong>\u201d.<\/em><\/p>\n<div id=\"attachment_61835\" style=\"width: 372px\" class=\"wp-caption alignleft\"><img loading=\"lazy\" decoding=\"async\" aria-describedby=\"caption-attachment-61835\" class=\"wp-image-61835\" src=\"http:\/\/vinasfm.com\/noticias\/wp-content\/uploads\/2019\/11\/ab620e77-d592-4233-ab2f-ac9efa2222d4-300x225.jpg\" alt=\"\" width=\"372\" height=\"279\" srcset=\"https:\/\/vinasfm.com\/noticias\/wp-content\/uploads\/2019\/11\/ab620e77-d592-4233-ab2f-ac9efa2222d4-300x225.jpg 300w, https:\/\/vinasfm.com\/noticias\/wp-content\/uploads\/2019\/11\/ab620e77-d592-4233-ab2f-ac9efa2222d4-768x576.jpg 768w, https:\/\/vinasfm.com\/noticias\/wp-content\/uploads\/2019\/11\/ab620e77-d592-4233-ab2f-ac9efa2222d4-1024x768.jpg 1024w, https:\/\/vinasfm.com\/noticias\/wp-content\/uploads\/2019\/11\/ab620e77-d592-4233-ab2f-ac9efa2222d4.jpg 1032w\" sizes=\"auto, (max-width: 372px) 100vw, 372px\" \/><p id=\"caption-attachment-61835\" class=\"wp-caption-text\">Alvear se sum\u00f3 a otros \u00abruidazos\u00bb y \u00abcacerolazos\u00bb en pos de defender la vigencia de la Ley 7722.<\/p><\/div>\n<p><strong>El<\/strong><strong> Intendente Walter Marcolini<\/strong>, se mostr\u00f3 sorprendido por lo que se pretende modificar en la Legislatura: \u201c<em>Lo dijimos el viernes cuando retorn\u00e9 al departamento: No hemos sido consultados y nos enteramos a trav\u00e9s de los medios de comunicaci\u00f3n de un avance importante en materia de modificar la 7722. <strong>En principio tenemos la misma a postura porque en el marco de la ley se puede hacer miner\u00eda, no es anti minera, solo que proh\u00edbe el uso de sustancias toxicas<\/strong><\/em>\u201d.<\/p>\n<p>\u201c<em>Estamos transitando 11 a\u00f1os de crisis h\u00eddrica sin precedentes donde tenemos que cuidar las fuentes y cuencas de agua y es fundamental para todos los departamentos mas all\u00e1 de los consensos en los m\u00e1s poblados de la provincia que hace falta generar fuentes de trabajo, que eso no se discute, pero tambi\u00e9n se pueden generar a partir de la alimentaci\u00f3n\u201d, <\/em>subray\u00f3.<\/p>\n<p><em>\u201c<strong>Hay un intento de modificaci\u00f3n y hay un avance con consenso de sectores industriales c\u00e1maras empresarias y sindicatos a favor de la modificaci\u00f3n<\/strong>. Hay una fuerte presi\u00f3n hacia los legisladores y el Gobierno deber\u00e1n asegurarse los controles y explicarnos c\u00f3mo pretenden hacerlo\u201d<\/em><\/p>\n<p>En la misma l\u00ednea, Marcolini asegur\u00f3 que Alvear ha dicho claramente:<em> \u201c<strong>No a la modificaci\u00f3n de la Ley<\/strong>. Pero si no alcanza con los departamentos de Alvear y San Carlos, que son los que parecen que est\u00e1n a la vanguardia, y no nos alcanzan los legisladores hay que intervenir y ser escuchados porque hay que estar atentos a la redacci\u00f3n de la Ley que quieren armar. En ese sentido <strong>me parece prudente la actitud del pueblo alvearense<\/strong>\u201d.<\/em><\/p>\n<p><em>\u201c<strong>Alvear no es antiminero sino que pretendemos la defensa del agua y la no contaminaci\u00f3n. Reclamamos la preservaci\u00f3n de las fuentes de agua y que la actividad minera est\u00e9 condicionada a m\u00e9todos que no contamine<\/strong>\u201d, <\/em>manifest\u00f3 el Jefe Comunal.<\/p>\n<h5><em>F.B. (F.M. Vi\u00f1as).<\/em><\/h5>\n<p>&nbsp;<\/p>\n","protected":false},"excerpt":{"rendered":"<p>Luego de los pedidos y aparentes consensos para comenzar a tratar\u00a0reformas a la\u00a0Ley 7.722, distintas organizaciones comenzaron a movilizarse a lo &#8230;<\/p>\n","protected":false},"author":8,"featured_media":61832,"comment_status":"open","ping_status":"open","sticky":false,"template":"","format":"standard","meta":{"footnotes":""},"categories":[5,34],"tags":[],"class_list":["post-61830","post","type-post","status-publish","format-standard","has-post-thumbnail","hentry","category-actualidad","category-medio-ambiente"],"_links":{"self":[{"href":"https:\/\/vinasfm.com\/noticias\/wp-json\/wp\/v2\/posts\/61830","targetHints":{"allow":["GET"]}}],"collection":[{"href":"https:\/\/vinasfm.com\/noticias\/wp-json\/wp\/v2\/posts"}],"about":[{"href":"https:\/\/vinasfm.com\/noticias\/wp-json\/wp\/v2\/types\/post"}],"author":[{"embeddable":true,"href":"https:\/\/vinasfm.com\/noticias\/wp-json\/wp\/v2\/users\/8"}],"replies":[{"embeddable":true,"href":"https:\/\/vinasfm.com\/noticias\/wp-json\/wp\/v2\/comments?post=61830"}],"version-history":[{"count":2,"href":"https:\/\/vinasfm.com\/noticias\/wp-json\/wp\/v2\/posts\/61830\/revisions"}],"predecessor-version":[{"id":61848,"href":"https:\/\/vinasfm.com\/noticias\/wp-json\/wp\/v2\/posts\/61830\/revisions\/61848"}],"wp:featuredmedia":[{"embeddable":true,"href":"https:\/\/vinasfm.com\/noticias\/wp-json\/wp\/v2\/media\/61832"}],"wp:attachment":[{"href":"https:\/\/vinasfm.com\/noticias\/wp-json\/wp\/v2\/media?parent=61830"}],"wp:term":[{"taxonomy":"category","embeddable":true,"href":"https:\/\/vinasfm.com\/noticias\/wp-json\/wp\/v2\/categories?post=61830"},{"taxonomy":"post_tag","embeddable":true,"href":"https:\/\/vinasfm.com\/noticias\/wp-json\/wp\/v2\/tags?post=61830"}],"curies":[{"name":"wp","href":"https:\/\/api.w.org\/{rel}","templated":true}]}}