{"id":61826,"date":"2019-11-19T08:50:01","date_gmt":"2019-11-19T11:50:01","guid":{"rendered":"http:\/\/vinasfm.com\/noticias\/?p=61826"},"modified":"2019-11-20T10:28:12","modified_gmt":"2019-11-20T13:28:12","slug":"detuvieron-a-dos-delincuentes-que-asaltaron-a-un-vecino-en-villa-atuel","status":"publish","type":"post","link":"https:\/\/vinasfm.com\/noticias\/detuvieron-a-dos-delincuentes-que-asaltaron-a-un-vecino-en-villa-atuel\/","title":{"rendered":"DETUVIERON A DOS DELINCUENTES QUE ASALTARON A UN VECINO EN VILLA ATUEL"},"content":{"rendered":"<h4><strong>Este lunes, personal de la Unidad Investigativa de General Alvear en conjunto con Comisar\u00eda 26\u00aa aprehendieron a 2 de los 5 delincuentes que agredieron y asaltaron a un vecino (42) de Villa Atuel.<\/strong><\/h4>\n<p>El il\u00edcito se consum\u00f3 el pasado domingo cuando la v\u00edctima fue sorprendida por un grupo de <strong>5 delincuentes<\/strong> que mediante el uso de arma blanca, con la que lo lesionaron, le sustrajeron <strong><em>dos tel\u00e9fonos celulares <\/em><\/strong>y <strong><em>una billetera con documentaci\u00f3n personal y dinero en efectivo<\/em><\/strong>. El damnificado debi\u00f3 ser trasladado al hospital \u201cEnfermeros Argentinos\u201d donde se lo asiste.<\/p>\n<p>De las averiguaciones que realiz\u00f3 la Unidad Investigativa, se detuvo a dos malvivientes, mayores de edad, en dos allanamientos perpetrados en el distrito sanrafaelino. Ambos se encuentran alojados en la dependencia policial donde quedaron a disposici\u00f3n de la Justicia por el hecho caratulado como \u201c<strong>robo agravado<\/strong>\u201d.<\/p>\n<h5><em>F.B. (F.M. Vi\u00f1as).<\/em><\/h5>\n","protected":false},"excerpt":{"rendered":"<p>Este lunes, personal de la Unidad Investigativa de General Alvear en conjunto con Comisar\u00eda 26\u00aa aprehendieron a 2 de los 5 &#8230;<\/p>\n","protected":false},"author":8,"featured_media":41731,"comment_status":"open","ping_status":"open","sticky":false,"template":"","format":"standard","meta":{"footnotes":""},"categories":[5,4],"tags":[],"class_list":["post-61826","post","type-post","status-publish","format-standard","has-post-thumbnail","hentry","category-actualidad","category-policiales"],"_links":{"self":[{"href":"https:\/\/vinasfm.com\/noticias\/wp-json\/wp\/v2\/posts\/61826","targetHints":{"allow":["GET"]}}],"collection":[{"href":"https:\/\/vinasfm.com\/noticias\/wp-json\/wp\/v2\/posts"}],"about":[{"href":"https:\/\/vinasfm.com\/noticias\/wp-json\/wp\/v2\/types\/post"}],"author":[{"embeddable":true,"href":"https:\/\/vinasfm.com\/noticias\/wp-json\/wp\/v2\/users\/8"}],"replies":[{"embeddable":true,"href":"https:\/\/vinasfm.com\/noticias\/wp-json\/wp\/v2\/comments?post=61826"}],"version-history":[{"count":1,"href":"https:\/\/vinasfm.com\/noticias\/wp-json\/wp\/v2\/posts\/61826\/revisions"}],"predecessor-version":[{"id":61829,"href":"https:\/\/vinasfm.com\/noticias\/wp-json\/wp\/v2\/posts\/61826\/revisions\/61829"}],"wp:featuredmedia":[{"embeddable":true,"href":"https:\/\/vinasfm.com\/noticias\/wp-json\/wp\/v2\/media\/41731"}],"wp:attachment":[{"href":"https:\/\/vinasfm.com\/noticias\/wp-json\/wp\/v2\/media?parent=61826"}],"wp:term":[{"taxonomy":"category","embeddable":true,"href":"https:\/\/vinasfm.com\/noticias\/wp-json\/wp\/v2\/categories?post=61826"},{"taxonomy":"post_tag","embeddable":true,"href":"https:\/\/vinasfm.com\/noticias\/wp-json\/wp\/v2\/tags?post=61826"}],"curies":[{"name":"wp","href":"https:\/\/api.w.org\/{rel}","templated":true}]}}