{"id":61821,"date":"2019-11-19T07:35:55","date_gmt":"2019-11-19T10:35:55","guid":{"rendered":"http:\/\/vinasfm.com\/noticias\/?p=61821"},"modified":"2019-11-20T09:54:57","modified_gmt":"2019-11-20T12:54:57","slug":"paqui-martinez-destaco-el-trabajo-de-la-direccion-de-servicios-publicos-en-la-temporada-2019-2020","status":"publish","type":"post","link":"https:\/\/vinasfm.com\/noticias\/paqui-martinez-destaco-el-trabajo-de-la-direccion-de-servicios-publicos-en-la-temporada-2019-2020\/","title":{"rendered":"&#8216;PAQUI&#8217; MARTINEZ DESTAC\u00d3 EL TRABAJO DE LA DIRECCI\u00d3N DE SERVICIOS P\u00daBLICOS EN LA TEMPORADA 2019-2020"},"content":{"rendered":"<h4><strong>En el marco del programa \u2018Puntos de vista\u2019, \u00c1ngel Mart\u00ednez, Director de Servicios P\u00fablicos, habl\u00f3 acerca de\u00a0 la limpieza de cunetas y desag\u00fces que se est\u00e1 realizando para el normal escurrimiento del agua en caso de una lluvia as\u00ed tambi\u00e9n como de la colocaci\u00f3n de colectores. <\/strong><\/h4>\n<p>\u201c<em>Siempre despu\u00e9s de la \u00e9poca de las hojas centramos m\u00e1s el trabajo en la limpieza de cunetas, lo que es colector tambi\u00e9n, esta semana trabajamos mucho con los colectores. Las tormentas de verano son tormentas muy fuertes, en poco tiempo llueve mucho y se puede complicar alguno de los colectores<\/em>\u201d, coment\u00f3 Mart\u00ednez.<\/p>\n<p>Respecto al cuidado de las cunetas para \u00e9pocas de lluvia, destac\u00f3: \u201c<em>Todas las semanas salimos por sectores, todas las semanas andamos por todos los sectores tipo \u2018B\u2019\u201d, <\/em>y en la misma l\u00ednea aconsej\u00f3<em>: \u201cLos vecinos deber\u00edan limpiar las cunetas y dejarlo en la orilla y nosotros nos encargamos de recolectarlo. Muchos vecinos colaboran limpiando el frente de su cuneta, por ah\u00ed no llegamos a todos los barrios por eso es conveniente que el vecino las pueda limpiar<\/em>\u201d.<\/p>\n<p><strong>-\u00bfCu\u00e1ndo hay un feriado trabajan fuera de horario?<\/strong><\/p>\n<p><em>\u201cCuando tenemos el riego de cunetas trabajamos fuera de horarios, todos los a\u00f1os mejoramos turnos de agua para el arbolado p\u00fablico. Este \u00faltimo a\u00f1o nos dieron m\u00e1s horas de riego, estamos tambi\u00e9n en el centro pero es complicado por las cunetas, hay cunetas desniveladas y rotas\u201d, <\/em>respondi\u00f3.<\/p>\n<p>Desde <strong>Servicios P\u00fablicos<\/strong> se ha estado trabajando arduamente para la limpieza de cunetas y riego de arbolado sobre todo en el Barrio Cristo Rey: \u201c<em>Es lindo ver agua en las cunetas para dar agua a las plantas y para la forestaci\u00f3n. Siempre le digo a la gente que no hay necesidad de cortar \u00e1rboles, hay gente que no toma conciencia de la necesidad e importancia\u00a0 de los \u00e1rboles sobre todo en el verano\u201d.<\/em><\/p>\n<div id=\"attachment_61823\" style=\"width: 300px\" class=\"wp-caption alignleft\"><img loading=\"lazy\" decoding=\"async\" aria-describedby=\"caption-attachment-61823\" class=\"size-medium wp-image-61823\" src=\"http:\/\/vinasfm.com\/noticias\/wp-content\/uploads\/2019\/11\/29b0b780-7cdc-47bc-830a-3b95fe7e63ab-300x225.jpg\" alt=\"\" width=\"300\" height=\"225\" srcset=\"https:\/\/vinasfm.com\/noticias\/wp-content\/uploads\/2019\/11\/29b0b780-7cdc-47bc-830a-3b95fe7e63ab-300x225.jpg 300w, https:\/\/vinasfm.com\/noticias\/wp-content\/uploads\/2019\/11\/29b0b780-7cdc-47bc-830a-3b95fe7e63ab-768x576.jpg 768w, https:\/\/vinasfm.com\/noticias\/wp-content\/uploads\/2019\/11\/29b0b780-7cdc-47bc-830a-3b95fe7e63ab-1024x768.jpg 1024w, https:\/\/vinasfm.com\/noticias\/wp-content\/uploads\/2019\/11\/29b0b780-7cdc-47bc-830a-3b95fe7e63ab.jpg 1040w\" sizes=\"auto, (max-width: 300px) 100vw, 300px\" \/><p id=\"caption-attachment-61823\" class=\"wp-caption-text\">\u00abPaqui\u00bb Martinez en el estudio de F.M. Vi\u00f1as.<\/p><\/div>\n<p>Adem\u00e1s de la limpieza de cunetas, colocaci\u00f3n de colectores y riego en distintos barrios del departamento, est\u00e1n realizando la <strong>fumigaci\u00f3n de plantas<\/strong>: \u201c<em>Tuvimos un problema porque hace 2 a\u00f1os que estamos curando plantas a distintos horarios con un fumigante de banda azul pero tiene ahora un costo muy elevado, pero aun as\u00ed tardamos 40 d\u00edas en conseguirlo y lo estamos usando, es un insecticida que no tiene peligro de contraer alguna enfermedad o irritaci\u00f3n. Primero arrancamos con reclamos y luego vamos a ir por sectores donde est\u00e1n los Olmos, que son los m\u00e1s complicados. Estamos curando en horas de la tarde o noche<\/em>\u201d, manifest\u00f3 \u201cPaqui\u201d.<\/p>\n<p>Mucha es la gente que reclama que los trabajadores p\u00fablicos no llevan las medidas de seguridad y los elementos necesarios para desempe\u00f1arse en la tarea propia de cada uno, a lo que el Director de Servicios P\u00fablicos manifest\u00f3: \u201c<em>Siempre controlamos que lleven todo, los conos, los matafuegos,\u00a0 chalecos, zapatos de seguridad y dem\u00e1s, puede pasar que se le olvide a alguien pero siempre controlamos\u201d.<\/em><\/p>\n<p>\u201c<em>Por ah\u00ed los trabajadores para no caminar suben a un carrito o lugar de alguna maquina mientras se dirigen al lugar donde van a\u00a0 limpiar, pero es peligroso, por ah\u00ed frenan de repente y puede haber un accidente. Hemos mejorado mucho de todos modos en eso, siempre hablamos con la gente de Seguridad e Higiene y salimos de sorpresa a controlarlos, es necesario que lleven las medidas de seguridad correspondientes<\/em>\u201d<\/p>\n<p>Se llev\u00f3 a cabo incorporaci\u00f3n de materiales de trabajo como 3 mini cargadoras, 1 cami\u00f3n atmosf\u00e9rico y un cami\u00f3n regador: \u201c<em>Lo ideal es comprar 1 o 2 compactadores que son camiones que est\u00e1n todas las ma\u00f1anas en los distritos, recorren el casco c\u00e9ntrico, recorrido de comercios, escuelas y supermercados. En el presupuesto 2020 pusimos m\u00e1s para ver si se pueden colocar algunos m\u00e1s. Los camiones regadores no paran, est\u00e1n para todos los eventos, tenemos 2 camiones regando los accesos permanentes. En Canalejas hemos estado llevando agua, el agua entra por San Luis, por ah\u00ed entra muy bien o sino demora 2 o 3 d\u00edas en entrar, por ah\u00ed no alcanza con 1 tanque y por eso vamos a San Luis y volvemos para traer m\u00e1s agua, para dejar 20.000 litros. Siempre luchamos para que Irrigaci\u00f3n nos d\u00e9 m\u00e1s turnos de riego porque nos est\u00e1 faltando el casco c\u00e9ntrico por lo complicado que est\u00e1n las cunetas<\/em>\u201d.<\/p>\n<p>\u201c<em>Creo que la gente est\u00e1 conforme con los horarios de recolecci\u00f3n de residuos, estamos trabajando bien. En el area tipo \u2018A\u2019 anda bien pero hay que mejorar en algunos aspectos. El problema para los recolectores es que los perros rompen las bolsas de basura pero siempre les pido que miren cuando dejan las bolsas. En los feriados largos trabajan igual<\/em>\u201d, cerr\u00f3.<\/p>\n<h5><em>R.B. (F.M. Vi\u00f1as).<\/em><\/h5>\n","protected":false},"excerpt":{"rendered":"<p>En el marco del programa \u2018Puntos de vista\u2019, \u00c1ngel Mart\u00ednez, Director de Servicios P\u00fablicos, habl\u00f3 acerca de\u00a0 la limpieza de cunetas &#8230;<\/p>\n","protected":false},"author":8,"featured_media":61822,"comment_status":"open","ping_status":"open","sticky":false,"template":"","format":"standard","meta":{"footnotes":""},"categories":[5,29],"tags":[],"class_list":["post-61821","post","type-post","status-publish","format-standard","has-post-thumbnail","hentry","category-actualidad","category-obras-y-servicios"],"_links":{"self":[{"href":"https:\/\/vinasfm.com\/noticias\/wp-json\/wp\/v2\/posts\/61821","targetHints":{"allow":["GET"]}}],"collection":[{"href":"https:\/\/vinasfm.com\/noticias\/wp-json\/wp\/v2\/posts"}],"about":[{"href":"https:\/\/vinasfm.com\/noticias\/wp-json\/wp\/v2\/types\/post"}],"author":[{"embeddable":true,"href":"https:\/\/vinasfm.com\/noticias\/wp-json\/wp\/v2\/users\/8"}],"replies":[{"embeddable":true,"href":"https:\/\/vinasfm.com\/noticias\/wp-json\/wp\/v2\/comments?post=61821"}],"version-history":[{"count":1,"href":"https:\/\/vinasfm.com\/noticias\/wp-json\/wp\/v2\/posts\/61821\/revisions"}],"predecessor-version":[{"id":61825,"href":"https:\/\/vinasfm.com\/noticias\/wp-json\/wp\/v2\/posts\/61821\/revisions\/61825"}],"wp:featuredmedia":[{"embeddable":true,"href":"https:\/\/vinasfm.com\/noticias\/wp-json\/wp\/v2\/media\/61822"}],"wp:attachment":[{"href":"https:\/\/vinasfm.com\/noticias\/wp-json\/wp\/v2\/media?parent=61821"}],"wp:term":[{"taxonomy":"category","embeddable":true,"href":"https:\/\/vinasfm.com\/noticias\/wp-json\/wp\/v2\/categories?post=61821"},{"taxonomy":"post_tag","embeddable":true,"href":"https:\/\/vinasfm.com\/noticias\/wp-json\/wp\/v2\/tags?post=61821"}],"curies":[{"name":"wp","href":"https:\/\/api.w.org\/{rel}","templated":true}]}}