{"id":61818,"date":"2019-11-19T08:22:04","date_gmt":"2019-11-19T11:22:04","guid":{"rendered":"http:\/\/vinasfm.com\/noticias\/?p=61818"},"modified":"2019-11-20T10:21:00","modified_gmt":"2019-11-20T13:21:00","slug":"carlos-pia-sobre-la-modificacion-de-la-7722-que-haya-consenso-politico-demuestra-irresponsabilidad","status":"publish","type":"post","link":"https:\/\/vinasfm.com\/noticias\/carlos-pia-sobre-la-modificacion-de-la-7722-que-haya-consenso-politico-demuestra-irresponsabilidad\/","title":{"rendered":"CARLOS P\u00cdA SOBRE LA MODIFICACI\u00d3N DE LA 7722: &#8216;QUE HAYA CONSENSO POL\u00cdTICO DEMUESTRA IRRESPONSABILIDAD&#8217;"},"content":{"rendered":"<h4><strong>En \u2018Puntos de vista\u2019, Carlos P\u00eda, Director de Gesti\u00f3n Ambiental, manifest\u00f3 su postura respecto a la modificaci\u00f3n y\/o derogaci\u00f3n de la Ley 7722.<\/strong><\/h4>\n<p>\u201c<em>Hay una decisi\u00f3n pol\u00edtica muy fuerte. En campa\u00f1a los candidatos a gobernador dijeron que eran tem\u00e1ticas con las que estaban dispuestos a intervenir. Estamos ocupados en buscar acciones conjuntas con los \u2019J\u00f3venes por el ambiente\u2019 con la Multisectorial, con la Asamblea del pueblo, autoconvocados y agricultores de Real de Padre<\/em>\u201d, expres\u00f3 P\u00eda sobre las acciones que realizan en conjunto con otras organizaciones.<\/p>\n<p>En la misma l\u00ednea, asegur\u00f3: \u201c<em>El intendente se pone a la cabeza en esta lucha rechazando cualquier forma de modificaci\u00f3n de la 7722 que es una ley que nace en General Alvear y es el mandato por el cual fue electo el Intendente. Adem\u00e1s tenemos claro que en este tema no tenemos posibilidad de negociaci\u00f3n. Espero que todos asistan en contra de la modificaci\u00f3n de la 7722 as\u00ed como asisten a otras marchas. Tenemos que ser todos coherentes<\/em>\u201d.<\/p>\n<p>\u201c<em>Nosotros tambi\u00e9n percibimos el ambiente social que hay en otros pa\u00edses, sabemos la situaci\u00f3n y no queremos llegar a la situaci\u00f3n por la que est\u00e1 pasando tanto Chile como Bolivia. La gente no toma en cuenta las consecuencias que puede haber\u201d.<\/em><\/p>\n<p><em>\u201cLa sustentabilidad tiene 3 patas: econ\u00f3mica, ecol\u00f3gica y social. La \u00faltima no la da la miner\u00eda sino la agricultura, el que poda, el que limpia los cupos y dem\u00e1s. Un emprendimiento minero va a tener muchos empleados \u00bfA costa de qu\u00e9? Que en este momento haya consenso pol\u00edtico demuestra irresponsabilidad. Desde el Municipio trabajamos en c\u00f3mo adaptarnos al cambio clim\u00e1tico generando todo tipo de financiamiento\u201d, <\/em>puntualiz\u00f3 el Director de Gesti\u00f3n Ambiental.<\/p>\n<h5><em>R.B. (F.M. Vi\u00f1as).<\/em><\/h5>\n","protected":false},"excerpt":{"rendered":"<p>En \u2018Puntos de vista\u2019, Carlos P\u00eda, Director de Gesti\u00f3n Ambiental, manifest\u00f3 su postura respecto a la modificaci\u00f3n y\/o derogaci\u00f3n de la &#8230;<\/p>\n","protected":false},"author":8,"featured_media":61819,"comment_status":"open","ping_status":"open","sticky":false,"template":"","format":"standard","meta":{"footnotes":""},"categories":[5,46],"tags":[],"class_list":["post-61818","post","type-post","status-publish","format-standard","has-post-thumbnail","hentry","category-actualidad","category-puntos-de-vista"],"_links":{"self":[{"href":"https:\/\/vinasfm.com\/noticias\/wp-json\/wp\/v2\/posts\/61818","targetHints":{"allow":["GET"]}}],"collection":[{"href":"https:\/\/vinasfm.com\/noticias\/wp-json\/wp\/v2\/posts"}],"about":[{"href":"https:\/\/vinasfm.com\/noticias\/wp-json\/wp\/v2\/types\/post"}],"author":[{"embeddable":true,"href":"https:\/\/vinasfm.com\/noticias\/wp-json\/wp\/v2\/users\/8"}],"replies":[{"embeddable":true,"href":"https:\/\/vinasfm.com\/noticias\/wp-json\/wp\/v2\/comments?post=61818"}],"version-history":[{"count":1,"href":"https:\/\/vinasfm.com\/noticias\/wp-json\/wp\/v2\/posts\/61818\/revisions"}],"predecessor-version":[{"id":61820,"href":"https:\/\/vinasfm.com\/noticias\/wp-json\/wp\/v2\/posts\/61818\/revisions\/61820"}],"wp:featuredmedia":[{"embeddable":true,"href":"https:\/\/vinasfm.com\/noticias\/wp-json\/wp\/v2\/media\/61819"}],"wp:attachment":[{"href":"https:\/\/vinasfm.com\/noticias\/wp-json\/wp\/v2\/media?parent=61818"}],"wp:term":[{"taxonomy":"category","embeddable":true,"href":"https:\/\/vinasfm.com\/noticias\/wp-json\/wp\/v2\/categories?post=61818"},{"taxonomy":"post_tag","embeddable":true,"href":"https:\/\/vinasfm.com\/noticias\/wp-json\/wp\/v2\/tags?post=61818"}],"curies":[{"name":"wp","href":"https:\/\/api.w.org\/{rel}","templated":true}]}}