{"id":61792,"date":"2019-11-18T10:52:09","date_gmt":"2019-11-18T13:52:09","guid":{"rendered":"http:\/\/vinasfm.com\/noticias\/?p=61792"},"modified":"2019-11-18T10:52:30","modified_gmt":"2019-11-18T13:52:30","slug":"tras-una-persecucion-policia-rural-secuestro-un-animal-vacuno-despostado-en-el-interior-de-un-vehiculo","status":"publish","type":"post","link":"https:\/\/vinasfm.com\/noticias\/tras-una-persecucion-policia-rural-secuestro-un-animal-vacuno-despostado-en-el-interior-de-un-vehiculo\/","title":{"rendered":"TRAS UNA PERSECUCI\u00d3N, POLIC\u00cdA RURAL SECUESTR\u00d3 UN ANIMAL VACUNO DESPOSTADO EN EL INTERIOR DE UN VEH\u00cdCULO"},"content":{"rendered":"<h4><strong>En la madrugada de este lunes, luego de una persecuci\u00f3n detuvieron a un conductor que evadi\u00f3 un control vehicular en Monte Com\u00e1n y llevaba un animal vacuno despostado. <\/strong><\/h4>\n<p>Seg\u00fan precis\u00f3 la informaci\u00f3n oficial, cerca de la <strong>01:15h de hoy<\/strong> personal de <strong>Polic\u00eda Rural<\/strong> estaba realizando maniobras operativas en <strong>Ruta 146 y calle Tucum\u00e1n<\/strong> de <strong>Monte Com\u00e1n <\/strong>y observan al conductor de un veh\u00edculo que al notar la presencia policial evade el control y <strong>comienza darse a la fuga por lo que una movilidad de la dependencia se dispuso a perseguirlo<\/strong>.<\/p>\n<p><strong>En inmediaciones de la Ruta 171 se dio alcance al rodado<\/strong> y se lo requis\u00f3 encontrando en el interior <strong><em>un animal vacuno despostado<\/em><\/strong> por lo que el aprehendido y el secuestro fueron trasladados a Comisar\u00eda 64\u00aa donde quedaron a disposici\u00f3n de la Justicia.<\/p>\n<h5><em>F.B. (F.M. Vi\u00f1as).<\/em><\/h5>\n","protected":false},"excerpt":{"rendered":"<p>En la madrugada de este lunes, luego de una persecuci\u00f3n detuvieron a un conductor que evadi\u00f3 un control vehicular en Monte &#8230;<\/p>\n","protected":false},"author":8,"featured_media":36046,"comment_status":"open","ping_status":"open","sticky":false,"template":"","format":"standard","meta":{"footnotes":""},"categories":[5,4],"tags":[],"class_list":["post-61792","post","type-post","status-publish","format-standard","has-post-thumbnail","hentry","category-actualidad","category-policiales"],"_links":{"self":[{"href":"https:\/\/vinasfm.com\/noticias\/wp-json\/wp\/v2\/posts\/61792","targetHints":{"allow":["GET"]}}],"collection":[{"href":"https:\/\/vinasfm.com\/noticias\/wp-json\/wp\/v2\/posts"}],"about":[{"href":"https:\/\/vinasfm.com\/noticias\/wp-json\/wp\/v2\/types\/post"}],"author":[{"embeddable":true,"href":"https:\/\/vinasfm.com\/noticias\/wp-json\/wp\/v2\/users\/8"}],"replies":[{"embeddable":true,"href":"https:\/\/vinasfm.com\/noticias\/wp-json\/wp\/v2\/comments?post=61792"}],"version-history":[{"count":1,"href":"https:\/\/vinasfm.com\/noticias\/wp-json\/wp\/v2\/posts\/61792\/revisions"}],"predecessor-version":[{"id":61805,"href":"https:\/\/vinasfm.com\/noticias\/wp-json\/wp\/v2\/posts\/61792\/revisions\/61805"}],"wp:featuredmedia":[{"embeddable":true,"href":"https:\/\/vinasfm.com\/noticias\/wp-json\/wp\/v2\/media\/36046"}],"wp:attachment":[{"href":"https:\/\/vinasfm.com\/noticias\/wp-json\/wp\/v2\/media?parent=61792"}],"wp:term":[{"taxonomy":"category","embeddable":true,"href":"https:\/\/vinasfm.com\/noticias\/wp-json\/wp\/v2\/categories?post=61792"},{"taxonomy":"post_tag","embeddable":true,"href":"https:\/\/vinasfm.com\/noticias\/wp-json\/wp\/v2\/tags?post=61792"}],"curies":[{"name":"wp","href":"https:\/\/api.w.org\/{rel}","templated":true}]}}