{"id":61689,"date":"2019-11-15T06:50:37","date_gmt":"2019-11-15T09:50:37","guid":{"rendered":"http:\/\/vinasfm.com\/noticias\/?p=61689"},"modified":"2019-11-16T09:49:26","modified_gmt":"2019-11-16T12:49:26","slug":"5-delincuentes-interceptaron-a-un-ciclista-y-le-robaron-la-bicicleta","status":"publish","type":"post","link":"https:\/\/vinasfm.com\/noticias\/5-delincuentes-interceptaron-a-un-ciclista-y-le-robaron-la-bicicleta\/","title":{"rendered":"5 DELINCUENTES INTERCEPTARON A UN CICLISTA Y LE ROBARON LA BICICLETA"},"content":{"rendered":"<h4><strong>En horas de la madrugada de este jueves un ciclista fue interceptado por 5 delincuentes en Diagonal Carlos Pellegrini quienes lo amedrentaron y le robaron el rodado.<\/strong><\/h4>\n<p>Seg\u00fan pudo conocer <em>F.M. Vi\u00f1as<\/em>, el hecho se consum\u00f3 cerca de las <strong>00:30h de ayer <\/strong>frente al <strong>Barrio Jard\u00edn <\/strong>cuando un joven (<strong>19<\/strong>) se dirig\u00eda por Diagonal Carlos Pellegrini en su <strong>Todo terreno marca Skinred<\/strong>, <strong>rodado 29<\/strong>, y <strong>fue alcanzado y encerrado por 5 delincuentes montados sobre 3 bicicletas que lo ven\u00edan siguiendo<\/strong>. El damnificado denunci\u00f3 que <strong>fue encerrado y empujado provocando su ca\u00edda al suelo donde los malvivientes intentaron sustraerle el celular pero logr\u00f3 huir r\u00e1pidamente del lugar<\/strong>.<\/p>\n<p>Luego de vivir este lamentable episodio, se dispuso a radicar la denuncia en Comisar\u00eda 14\u00aa donde se labraron actuaciones bajo instrucci\u00f3n de la Unidad Fiscal de General Alvear.<\/p>\n<p>Se solicita que ante cualquier informaci\u00f3n sobre el paradero del rodado (imagen), se comunique a la polic\u00eda.<\/p>\n<h5><em>F.B. (F.M. Vi\u00f1as).<\/em><\/h5>\n","protected":false},"excerpt":{"rendered":"<p>En horas de la madrugada de este jueves un ciclista fue interceptado por 5 delincuentes en Diagonal Carlos Pellegrini quienes lo &#8230;<\/p>\n","protected":false},"author":8,"featured_media":61690,"comment_status":"open","ping_status":"open","sticky":false,"template":"","format":"standard","meta":{"footnotes":""},"categories":[5,4],"tags":[],"class_list":["post-61689","post","type-post","status-publish","format-standard","has-post-thumbnail","hentry","category-actualidad","category-policiales"],"_links":{"self":[{"href":"https:\/\/vinasfm.com\/noticias\/wp-json\/wp\/v2\/posts\/61689","targetHints":{"allow":["GET"]}}],"collection":[{"href":"https:\/\/vinasfm.com\/noticias\/wp-json\/wp\/v2\/posts"}],"about":[{"href":"https:\/\/vinasfm.com\/noticias\/wp-json\/wp\/v2\/types\/post"}],"author":[{"embeddable":true,"href":"https:\/\/vinasfm.com\/noticias\/wp-json\/wp\/v2\/users\/8"}],"replies":[{"embeddable":true,"href":"https:\/\/vinasfm.com\/noticias\/wp-json\/wp\/v2\/comments?post=61689"}],"version-history":[{"count":1,"href":"https:\/\/vinasfm.com\/noticias\/wp-json\/wp\/v2\/posts\/61689\/revisions"}],"predecessor-version":[{"id":61693,"href":"https:\/\/vinasfm.com\/noticias\/wp-json\/wp\/v2\/posts\/61689\/revisions\/61693"}],"wp:featuredmedia":[{"embeddable":true,"href":"https:\/\/vinasfm.com\/noticias\/wp-json\/wp\/v2\/media\/61690"}],"wp:attachment":[{"href":"https:\/\/vinasfm.com\/noticias\/wp-json\/wp\/v2\/media?parent=61689"}],"wp:term":[{"taxonomy":"category","embeddable":true,"href":"https:\/\/vinasfm.com\/noticias\/wp-json\/wp\/v2\/categories?post=61689"},{"taxonomy":"post_tag","embeddable":true,"href":"https:\/\/vinasfm.com\/noticias\/wp-json\/wp\/v2\/tags?post=61689"}],"curies":[{"name":"wp","href":"https:\/\/api.w.org\/{rel}","templated":true}]}}