{"id":61654,"date":"2019-11-15T09:00:32","date_gmt":"2019-11-15T12:00:32","guid":{"rendered":"http:\/\/vinasfm.com\/noticias\/?p=61654"},"modified":"2019-11-18T09:19:15","modified_gmt":"2019-11-18T12:19:15","slug":"el-relato-del-embajador-en-chile-jose-octavio-bordon-a-f-m-vinas-sobre-los-ataques-que-ha-sufrido-la-residencia-diplomatica","status":"publish","type":"post","link":"https:\/\/vinasfm.com\/noticias\/el-relato-del-embajador-en-chile-jose-octavio-bordon-a-f-m-vinas-sobre-los-ataques-que-ha-sufrido-la-residencia-diplomatica\/","title":{"rendered":"EL RELATO DEL EMBAJADOR EN CHILE JOS\u00c9 OCTAVIO BORD\u00d3N A F.M. VI\u00d1AS SOBRE LOS ATAQUES QUE HA SUFRIDO LA RESIDENCIA DIPLOM\u00c1TICA"},"content":{"rendered":"<h4><strong>En medio de las violentas protestas que sacuden a Chile desde hace cuatro semanas, un grupo de manifestantes enardecidos atac\u00f3 la residencia del embajador argentino, Jos\u00e9 Octavio Bord\u00f3n, el pasado martes. En di\u00e1logo con F.M. Vi\u00f1as, el ex gobernador mendocino, relat\u00f3 la situaci\u00f3n que les golpea muy de cerca por estar a metros del punto neur\u00e1lgico de Santiago, espacio de concentraci\u00f3n de los manifestantes.<\/strong><\/h4>\n<div id=\"attachment_61665\" style=\"width: 265px\" class=\"wp-caption alignright\"><img loading=\"lazy\" decoding=\"async\" aria-describedby=\"caption-attachment-61665\" class=\"wp-image-61665 size-full\" src=\"http:\/\/vinasfm.com\/noticias\/wp-content\/uploads\/2019\/11\/descarga-2.jpg\" alt=\"\" width=\"265\" height=\"190\" \/><p id=\"caption-attachment-61665\" class=\"wp-caption-text\">Jos\u00e9 Octavio Bord\u00f3n.<\/p><\/div>\n<p>El diplom\u00e1tico asegur\u00f3 que no es un tema contra ellos, y revel\u00f3 que toda la zona c\u00e9ntrica de Santiago de Chile \u201c<strong><em>es tierra de nadie<\/em><\/strong>\u00ab. En esa l\u00ednea precis\u00f3: \u201c<em>Al estar a solamente 50 metros de plaza Italia, que es el centro social de manifestaciones y festejos, <strong>hemos vivido de cerca los hechos vand\u00e1licos<\/strong>. De hecho he caminado entre los manifestantes entre el Consultado y la Embajada y no me ha pasado nada pero <strong>hay un grupo minoritario muy violento que opaca el reclamo del resto<\/strong>\u201d.<\/em><\/p>\n<h4><strong>\u201cRESISTIMOS<\/strong><strong> A LO GHANDI<\/strong><strong>\u201d<\/strong><\/h4>\n<p>Respecto a los disturbios que generaron contra la Embajada el pasado martes, Bord\u00f3n detall\u00f3 el lamentable episodio que los tuvo preocupados y bajo custodia policial: \u201c<em><strong>Destruyeron las plazas recordatorias y de identificaci\u00f3n que ten\u00edamos en el frente, los portones y cuando entraron destruyeron las luminarias internas y los sistemas de riego pero no pudieron ingresar al recinto aunque estuvimos con custodia policial durante media hora que intentaban entrar mientras apedreaban. <\/strong>Afortunadamente <strong>no hubo heridos<\/strong><\/em>\u201d en la sede diplom\u00e1tica, ubicada en la calle Miraflores de la capital chilena.<\/p>\n<div id=\"attachment_61659\" style=\"width: 398px\" class=\"wp-caption alignleft\"><img loading=\"lazy\" decoding=\"async\" aria-describedby=\"caption-attachment-61659\" class=\" wp-image-61659\" src=\"http:\/\/vinasfm.com\/noticias\/wp-content\/uploads\/2019\/11\/embajada-chilena2-300x183.jpg\" alt=\"\" width=\"398\" height=\"243\" srcset=\"https:\/\/vinasfm.com\/noticias\/wp-content\/uploads\/2019\/11\/embajada-chilena2-300x183.jpg 300w, https:\/\/vinasfm.com\/noticias\/wp-content\/uploads\/2019\/11\/embajada-chilena2.jpg 657w\" sizes=\"auto, (max-width: 398px) 100vw, 398px\" \/><p id=\"caption-attachment-61659\" class=\"wp-caption-text\">La residencia alberga muchas reliquias hist\u00f3ricas, algunas relacionadas con el cruce de Los Andes.<\/p><\/div>\n<p>La semana pasada, y en medio de la crisis pol\u00edtica que atraviesa Chile,\u00a0tambi\u00e9n se registraron incidentes en la residencia de Bord\u00f3n, cuando los manifestantes ingresaron a los jardines y rompieron vidrios. En aquella oportunidad, el embajador fue evacuado por prevenci\u00f3n y ante la falta de seguridad.<\/p>\n<p><em>\u00a0\u201cEn los \u00faltimos d\u00edas <strong>incendiaron totalmente un edificio patrimonial donde funcionaba la Universidad de Valdivia<\/strong> justo en frente nuestro y a metros por la misma acera <strong>construyeron barricas inclusive con im\u00e1genes religiosas y bancos de una iglesia muy antigua<\/strong> donde vandalizaron todo. D\u00edas despu\u00e9s, a cuatro cuadras, <strong>incendiaron otra iglesia<\/strong> y hace dos semanas <strong>incendiaron\u00a0<\/strong><\/em><em><strong>completamente <\/strong><\/em><em><strong>un hotel <\/strong><\/em><em>a 70 metros\u00a0 y luego intentaron entrar a nuestra residencia, que est\u00e1 pegada al Consulado, pero<\/em> <em><strong>incendiaron una parrilla muy cercana<\/strong>. <strong>Han destruido el se\u00f1alamiento p\u00fablico, torres de luz, sem\u00e1foros<\/strong> y dem\u00e1s<\/em>\u201d, enumer\u00f3 Bord\u00f3n sobre los graves incidentes que les ha tocado vivir muy de cerca.<\/p>\n<p>\u201c<strong><em>Qu\u00e9dense tranquilos que estamos todos bien y seguiremos trabajando como corresponde<\/em><\/strong>\u201d, finaliz\u00f3 el Embajador.<\/p>\n<p>Los 26 d\u00edas de movilizaciones han tenido un alto costo econ\u00f3mico. La C\u00e1mara Nacional de Comercio, Servicios y Turismo estim\u00f3 que se podr\u00edan perderse hasta 100.000 empleos y muchas econom\u00edas familiares y peque\u00f1os y medianos empresarios se han visto fuertemente afectados.<\/p>\n<p>Chile transita la cuarta semana de manifestaciones -que se saldan con\u00a0<strong>20 muertos y miles de heridos<\/strong>-, en momentos en que el presidente Pi\u00f1era dio un giro y anunci\u00f3 el\u00a0<strong>inicio de un proceso para cambiar la Constituci\u00f3n que se mantiene como herencia de la dictadura de Augusto Pinochet<\/strong>\u00a0(1973-1990), aunque no con una Asamblea Constituyente \u2013como se pide en las calles \u2013 sino a partir de un\u00a0<strong>\u201cCongreso Constituyente\u201d<\/strong>, cuyos detalles y composici\u00f3n a\u00fan no se definen.<\/p>\n<p>El gobierno de Pi\u00f1era logr\u00f3 tambi\u00e9n un acuerdo con la oposici\u00f3n pol\u00edtica para\u00a0<strong>impulsar una reforma tributaria que recaudar\u00eda unos 2.000 millones de d\u00f3lares,<\/strong>\u00a0destinados a financiar parte de los\u00a0<strong>anuncios sociales que ha realizado para acallar las protestas sociales.<\/strong><\/p>\n<h5><em>\u2022Fernando Burett (F.M. Vi\u00f1as).<\/em><\/h5>\n","protected":false},"excerpt":{"rendered":"<p>En medio de las violentas protestas que sacuden a Chile desde hace cuatro semanas, un grupo de manifestantes enardecidos atac\u00f3 la &#8230;<\/p>\n","protected":false},"author":8,"featured_media":61667,"comment_status":"open","ping_status":"open","sticky":false,"template":"","format":"standard","meta":{"footnotes":""},"categories":[5,49],"tags":[],"class_list":["post-61654","post","type-post","status-publish","format-standard","has-post-thumbnail","hentry","category-actualidad","category-internacional"],"_links":{"self":[{"href":"https:\/\/vinasfm.com\/noticias\/wp-json\/wp\/v2\/posts\/61654","targetHints":{"allow":["GET"]}}],"collection":[{"href":"https:\/\/vinasfm.com\/noticias\/wp-json\/wp\/v2\/posts"}],"about":[{"href":"https:\/\/vinasfm.com\/noticias\/wp-json\/wp\/v2\/types\/post"}],"author":[{"embeddable":true,"href":"https:\/\/vinasfm.com\/noticias\/wp-json\/wp\/v2\/users\/8"}],"replies":[{"embeddable":true,"href":"https:\/\/vinasfm.com\/noticias\/wp-json\/wp\/v2\/comments?post=61654"}],"version-history":[{"count":1,"href":"https:\/\/vinasfm.com\/noticias\/wp-json\/wp\/v2\/posts\/61654\/revisions"}],"predecessor-version":[{"id":61676,"href":"https:\/\/vinasfm.com\/noticias\/wp-json\/wp\/v2\/posts\/61654\/revisions\/61676"}],"wp:featuredmedia":[{"embeddable":true,"href":"https:\/\/vinasfm.com\/noticias\/wp-json\/wp\/v2\/media\/61667"}],"wp:attachment":[{"href":"https:\/\/vinasfm.com\/noticias\/wp-json\/wp\/v2\/media?parent=61654"}],"wp:term":[{"taxonomy":"category","embeddable":true,"href":"https:\/\/vinasfm.com\/noticias\/wp-json\/wp\/v2\/categories?post=61654"},{"taxonomy":"post_tag","embeddable":true,"href":"https:\/\/vinasfm.com\/noticias\/wp-json\/wp\/v2\/tags?post=61654"}],"curies":[{"name":"wp","href":"https:\/\/api.w.org\/{rel}","templated":true}]}}