{"id":61647,"date":"2019-11-14T10:16:41","date_gmt":"2019-11-14T13:16:41","guid":{"rendered":"http:\/\/vinasfm.com\/noticias\/?p=61647"},"modified":"2019-11-14T10:16:47","modified_gmt":"2019-11-14T13:16:47","slug":"que-dia-terminan-las-clases-en-mendoza","status":"publish","type":"post","link":"https:\/\/vinasfm.com\/noticias\/que-dia-terminan-las-clases-en-mendoza\/","title":{"rendered":"\u00bfQU\u00c9 D\u00cdA TERMINAN LAS CLASES EN MENDOZA?"},"content":{"rendered":"<h4><strong>Quedan pocos d\u00edas para que finalicen las clases en Mendoza. Los alumnos ya est\u00e1n cansados a esta altura del a\u00f1o y aguardan con ansias dejar de ir a la escuela. El calendario escolar de este a\u00f1o incluye 182 d\u00edas de clases, comenz\u00f3 el 6 de marzo y termina el 13 de diciembre.<\/strong><\/h4>\n<p>Ese viernes ser\u00e1 el \u00faltimo d\u00eda que los alumnos, que hayan aprobado su a\u00f1o escolar, asistir\u00e1n a los establecimientos. Hay 30 d\u00edas entre este jueves y el pr\u00f3ximo 13 de diciembre.<\/p>\n<p>Un mes justo queda de clases en nuestra provincia durante un a\u00f1o en el que las medidas de fuerza, llevadas a cabo por el gremio docente, no tuvieron impacto y, por lo tanto, no se perdieron d\u00edas de clases.<\/p>\n<h5><strong><em>A.C.<\/em><\/strong><\/h5>\n","protected":false},"excerpt":{"rendered":"<p>Quedan pocos d\u00edas para que finalicen las clases en Mendoza. Los alumnos ya est\u00e1n cansados a esta altura del a\u00f1o y &#8230;<\/p>\n","protected":false},"author":7,"featured_media":8354,"comment_status":"open","ping_status":"open","sticky":false,"template":"","format":"standard","meta":{"footnotes":""},"categories":[5,18],"tags":[],"class_list":["post-61647","post","type-post","status-publish","format-standard","has-post-thumbnail","hentry","category-actualidad","category-educacion"],"_links":{"self":[{"href":"https:\/\/vinasfm.com\/noticias\/wp-json\/wp\/v2\/posts\/61647","targetHints":{"allow":["GET"]}}],"collection":[{"href":"https:\/\/vinasfm.com\/noticias\/wp-json\/wp\/v2\/posts"}],"about":[{"href":"https:\/\/vinasfm.com\/noticias\/wp-json\/wp\/v2\/types\/post"}],"author":[{"embeddable":true,"href":"https:\/\/vinasfm.com\/noticias\/wp-json\/wp\/v2\/users\/7"}],"replies":[{"embeddable":true,"href":"https:\/\/vinasfm.com\/noticias\/wp-json\/wp\/v2\/comments?post=61647"}],"version-history":[{"count":1,"href":"https:\/\/vinasfm.com\/noticias\/wp-json\/wp\/v2\/posts\/61647\/revisions"}],"predecessor-version":[{"id":61649,"href":"https:\/\/vinasfm.com\/noticias\/wp-json\/wp\/v2\/posts\/61647\/revisions\/61649"}],"wp:featuredmedia":[{"embeddable":true,"href":"https:\/\/vinasfm.com\/noticias\/wp-json\/wp\/v2\/media\/8354"}],"wp:attachment":[{"href":"https:\/\/vinasfm.com\/noticias\/wp-json\/wp\/v2\/media?parent=61647"}],"wp:term":[{"taxonomy":"category","embeddable":true,"href":"https:\/\/vinasfm.com\/noticias\/wp-json\/wp\/v2\/categories?post=61647"},{"taxonomy":"post_tag","embeddable":true,"href":"https:\/\/vinasfm.com\/noticias\/wp-json\/wp\/v2\/tags?post=61647"}],"curies":[{"name":"wp","href":"https:\/\/api.w.org\/{rel}","templated":true}]}}