{"id":61645,"date":"2019-11-14T09:57:53","date_gmt":"2019-11-14T12:57:53","guid":{"rendered":"http:\/\/vinasfm.com\/noticias\/?p=61645"},"modified":"2019-11-15T09:55:45","modified_gmt":"2019-11-15T12:55:45","slug":"adolfo-nieto-de-la-multisectorial-critico-duramente-a-los-que-antes-estaban-a-favor-de-la-ley-7-722-y-hoy-estan-a-favor-de-derogarla","status":"publish","type":"post","link":"https:\/\/vinasfm.com\/noticias\/adolfo-nieto-de-la-multisectorial-critico-duramente-a-los-que-antes-estaban-a-favor-de-la-ley-7-722-y-hoy-estan-a-favor-de-derogarla\/","title":{"rendered":"ADOLFO NIETO DE LA MULTISECTORIAL CRITIC\u00d3 DURAMENTE A LOS QUE ANTES ESTABAN A FAVOR DE LA LEY 7.722 Y HOY EST\u00c1N A FAVOR DE DEROGARLA"},"content":{"rendered":"<h4><strong>Luego de la aprobaci\u00f3n del proyecto para la exploraci\u00f3n de la mina Hierro Indio, volvi\u00f3 a encenderse el debate para intentar modificar y\/o derogar la Ley 7.722.<\/strong><\/h4>\n<p><em>\u201cTodas las entidades ya est\u00e1n alerta de que la Ley 7.722 est\u00e1 complicada\u201d<\/em> se\u00f1al\u00f3 Adolfo Nieto referente de la Multisectorial a F.M. Vi\u00f1as,<em> \u201cestamos todos trabajando simplemente por la defensa del agua\u201d.<\/em><\/p>\n<p>Actualmente hay dos proyectos en la Legislatura, \u201c<em>nos tiene preocupados el embate que se viene ahora porque <strong>est\u00e1n todos apurados por sacar esos proyectos o modificar y derogar la ley\u201d<\/strong><\/em><\/p>\n<p><strong>Este jueves habr\u00e1 una reuni\u00f3n ampliada donde se invita a toda la ciudadan\u00eda a participar e <\/strong>interiorizarse, para definir las estrategias a seguir. En Valle de Uco y el Este las situaciones son similares.<\/p>\n<p><strong>Hoy por hoy ambas c\u00e1maras legislativas cuentan con mayor\u00eda para \u201cbajar la ley\u201d<\/strong>, tanto oficialismo como oposici\u00f3n est\u00e1n llegando a acuerdos, sumado al lobby de las empresas mineras y los medios de comunicaci\u00f3n, el apoyo de gobernador saliente y entrante.<\/p>\n<p>Adem\u00e1s de la contaminaci\u00f3n que genera la miner\u00eda a cielo abierto, hay que tener en cuenta la extrema crisis h\u00eddrica que atraviesa Mendoza, <strong><em>\u201ctratar de bajar esta ley y usar el agua como pretenden usarla seria devastador para la provincia\u201d.<\/em><\/strong><\/p>\n<p><strong>Nieto critic\u00f3 duramente a \u201clos que antes defend\u00edan y hoy est\u00e1n todos de acuerdo, la mayor\u00eda para derribar la ley\u201d<\/strong><\/p>\n<p>Respecto a Hierro Indio sostuvo que la posici\u00f3n que se tuvo fue de \u201c<em>basta de que digan que la ley es anti minera. Hierro Indio en la etapa de exploraci\u00f3n est\u00e1 bajo el amparo de la ley 7.722. Esto no quiere decir que tenga una puerta abierta para seguir con los proyectos como el de San Jorge y otros m\u00e1s<\/em>\u201d, mencionando adem\u00e1s el caso de Sales de Potasio permitida por la 7.722 y que por otros motivos no fue explotada.<\/p>\n<p><strong><em>\u201cQueda claro que la ley 7.722 no es antiminera como pretender hacer creer desde el lobby medi\u00e1tico de Mendoza. La ley 7.722 es una ley que protege el agua de Mendoza de la contaminaci\u00f3n\u201d,<\/em><\/strong> sostuvo de manera tajante Adolfo Nieto.<\/p>\n<p><em><strong>A.C.<\/strong><\/em><\/p>\n","protected":false},"excerpt":{"rendered":"<p>Luego de la aprobaci\u00f3n del proyecto para la exploraci\u00f3n de la mina Hierro Indio, volvi\u00f3 a encenderse el debate para intentar &#8230;<\/p>\n","protected":false},"author":7,"featured_media":42335,"comment_status":"open","ping_status":"open","sticky":false,"template":"","format":"standard","meta":{"footnotes":""},"categories":[5,34,48],"tags":[],"class_list":["post-61645","post","type-post","status-publish","format-standard","has-post-thumbnail","hentry","category-actualidad","category-medio-ambiente","category-mineria"],"_links":{"self":[{"href":"https:\/\/vinasfm.com\/noticias\/wp-json\/wp\/v2\/posts\/61645","targetHints":{"allow":["GET"]}}],"collection":[{"href":"https:\/\/vinasfm.com\/noticias\/wp-json\/wp\/v2\/posts"}],"about":[{"href":"https:\/\/vinasfm.com\/noticias\/wp-json\/wp\/v2\/types\/post"}],"author":[{"embeddable":true,"href":"https:\/\/vinasfm.com\/noticias\/wp-json\/wp\/v2\/users\/7"}],"replies":[{"embeddable":true,"href":"https:\/\/vinasfm.com\/noticias\/wp-json\/wp\/v2\/comments?post=61645"}],"version-history":[{"count":1,"href":"https:\/\/vinasfm.com\/noticias\/wp-json\/wp\/v2\/posts\/61645\/revisions"}],"predecessor-version":[{"id":61646,"href":"https:\/\/vinasfm.com\/noticias\/wp-json\/wp\/v2\/posts\/61645\/revisions\/61646"}],"wp:featuredmedia":[{"embeddable":true,"href":"https:\/\/vinasfm.com\/noticias\/wp-json\/wp\/v2\/media\/42335"}],"wp:attachment":[{"href":"https:\/\/vinasfm.com\/noticias\/wp-json\/wp\/v2\/media?parent=61645"}],"wp:term":[{"taxonomy":"category","embeddable":true,"href":"https:\/\/vinasfm.com\/noticias\/wp-json\/wp\/v2\/categories?post=61645"},{"taxonomy":"post_tag","embeddable":true,"href":"https:\/\/vinasfm.com\/noticias\/wp-json\/wp\/v2\/tags?post=61645"}],"curies":[{"name":"wp","href":"https:\/\/api.w.org\/{rel}","templated":true}]}}