{"id":61499,"date":"2019-11-12T09:19:38","date_gmt":"2019-11-12T12:19:38","guid":{"rendered":"http:\/\/vinasfm.com\/noticias\/?p=61499"},"modified":"2019-11-12T09:19:38","modified_gmt":"2019-11-12T12:19:38","slug":"estudio-provincial-arrojo-que-en-alvear-hay-un-empleado-municipal-cada-45-habitantes-y-en-el-resto-de-las-comunas","status":"publish","type":"post","link":"https:\/\/vinasfm.com\/noticias\/estudio-provincial-arrojo-que-en-alvear-hay-un-empleado-municipal-cada-45-habitantes-y-en-el-resto-de-las-comunas\/","title":{"rendered":"ESTUDIO PROVINCIAL ARROJ\u00d3 QUE EN ALVEAR HAY UN EMPLEADO MUNICIPAL CADA 45 HABITANTES, \u00bfY EN EL RESTO DE LAS COMUNAS?"},"content":{"rendered":"<h4><strong>Con la lupa puesta en la planta de empleados p\u00fablicos con la que cada intendente terminar\u00e1 su mandato<\/strong>, <strong>surge a la vista la clara\u00a0desproporci\u00f3n que existe en departamentos que son peque\u00f1os en poblaci\u00f3n y que tienen la misma cantidad de trabajadores comunales que aquellos superpoblados y urbanos.<\/strong>\u00a0<strong>De ejemplo sirva marcar que\u00a0Malarg\u00fce, que tiene poco menos de 30.000 habitantes ostenta 2.000 empleados municipales, mientras que Godoy Cruz con 180.000 habitantes, seis veces m\u00e1s, tiene un poco menos de trabajadores comunales<\/strong>\u00a0<strong>en su plata permanente.\u00a0<\/strong><\/h4>\n<p>Estas asimetr\u00edas quedaron al desnudo cuando el economista Rodrigo Gonz\u00e1lez compar\u00f3 la cantidad de habitantes que tienen algunas comunas con los n\u00fameros oficiales de las plantas de personal municipal de varias de esos departamentos.<\/p>\n<p><img loading=\"lazy\" decoding=\"async\" class=\" wp-image-61502 aligncenter\" src=\"http:\/\/vinasfm.com\/noticias\/wp-content\/uploads\/2019\/11\/EI8agCAWkAExRm_-195x300.jpg\" alt=\"\" width=\"589\" height=\"906\" srcset=\"https:\/\/vinasfm.com\/noticias\/wp-content\/uploads\/2019\/11\/EI8agCAWkAExRm_-195x300.jpg 195w, https:\/\/vinasfm.com\/noticias\/wp-content\/uploads\/2019\/11\/EI8agCAWkAExRm_-768x1183.jpg 768w, https:\/\/vinasfm.com\/noticias\/wp-content\/uploads\/2019\/11\/EI8agCAWkAExRm_-665x1024.jpg 665w, https:\/\/vinasfm.com\/noticias\/wp-content\/uploads\/2019\/11\/EI8agCAWkAExRm_.jpg 779w\" sizes=\"auto, (max-width: 589px) 100vw, 589px\" \/><\/p>\n<p>\u00ab<em>Es cierto que\u00a0<strong>en el an\u00e1lisis debe aparecer no s\u00f3lo la densidad de poblaci\u00f3n, sino tambi\u00e9n en el caso de departamentos rurales, la distancia de los distritos que al estar diseminados requieren de mayor cantidad de empleados para brindarle servicios.<\/strong><\/em> Igualmente hay asimetr\u00edas entre departamentos que no tienen demasiada explicaci\u00f3n. Por ejemplo, \u00ab<em><strong>para comparar comunas similares en cantidad de poblaci\u00f3n, como son Malarg\u00fce y General Alvear, pese a que el \u00faltimo tiene 17.000 habitantes m\u00e1s que Malarg\u00fce a su vez tiene 900 empleados p\u00fablicos menos<\/strong><\/em>\u00ab, remarc\u00f3 Rodrigo Gonz\u00e1lez, economista de la Fundaci\u00f3n Ideal.<\/p>\n<p><img loading=\"lazy\" decoding=\"async\" class=\" wp-image-61500 aligncenter\" src=\"http:\/\/vinasfm.com\/noticias\/wp-content\/uploads\/2019\/11\/Vi\u00f1as-300x205.png\" alt=\"\" width=\"628\" height=\"429\" srcset=\"https:\/\/vinasfm.com\/noticias\/wp-content\/uploads\/2019\/11\/Vi\u00f1as-300x205.png 300w, https:\/\/vinasfm.com\/noticias\/wp-content\/uploads\/2019\/11\/Vi\u00f1as.png 689w\" sizes=\"auto, (max-width: 628px) 100vw, 628px\" \/><\/p>\n<p>La situaci\u00f3n de\u00a0<strong>Malarg\u00fce no deja de ser llamativa. Es que a esa alta alta proporcionalidad de empleados comunales, hay que sumar el resto de los empleados p\u00fablicos de la provincia<\/strong>, esto es maestros, polic\u00edas y m\u00e9dicos. S\u00f3lo contemplando la cantidad de empleados municipales que contabiliza el Tribunal de Cuentas con la poblaci\u00f3n proyectada por la Direcci\u00f3n de Estad\u00edsticas e Investigaciones Econ\u00f3micas de la provincia para este a\u00f1o, en ese departamento que\u00a0<strong>tiene 31.336 habitantes hay un empleado cada 15 pobladores malarg\u00fcinos.\u00a0<\/strong><\/p>\n<p>\u00ab<em>Estimativamente ese departamento del Sur\u00a0<strong>tiene unas 10.000 personas ocupadas y que m\u00e1s del 20% sean empleados comunales es desproporcionado, porque si se suman el resto de los empleados p\u00fablicos de la provincia, ese porcentaje podr\u00eda llegar al 30%<\/strong><\/em>\u00ab,ampli\u00f3 Gonz\u00e1lez.<\/p>\n<p>En la ant\u00edtesis,\u00a0<strong>en la comuna de Godoy Cruz que tiene seg\u00fan datos de la UNCuyo 204.000 habitantes y posee 1.783 empleados p\u00fablicos<\/strong>, aseguraron que\u00a0<strong>la explicaci\u00f3n est\u00e1 en la refuncionalizaci\u00f3n de los empleados p\u00fablicos, basados en la modernizaci\u00f3n del Estado y la apuesta por la tecnolog\u00eda.\u00a0<\/strong><\/p>\n<p>\u00ab<em>Nuestra pol\u00edtica busca apostar a las nuevas tecnolog\u00edas, as\u00ed hemos empezado un proceso de despapelizaci\u00f3n de los tr\u00e1mites apostando a tener todo con expedientes electr\u00f3nicos. Eso hace que desaparezcan algunas funciones y que tengamos que capacitar a otros empleados, pero es esa refuncionalizaci\u00f3n la que nos permite prestar servicios de calidad y hacer eficiente el gasto<\/em>\u00ab, se\u00f1al\u00f3 Fabricio Cuaranta, secretario de Legal y T\u00e9cnica de la comuna que conduce Tadeo Garc\u00eda Zalazar.<\/p>\n<p>El funcionario asegur\u00f3 que\u00a0<strong>seg\u00fan encuestas que la comuna hace cada 3 meses, la actual gesti\u00f3n tiene un 95% de aceptaci\u00f3n en cuanto a recolecci\u00f3n de residuos y 90% en la limpieza de calles y acequias,<\/strong>\u00a0que son tareas netamente comunales, algunas de las cuales est\u00e1n tercerizadas sobre todo en el centro de Godoy Cruz.<\/p>\n<h5><em>F.B. (F.M. Vi\u00f1as).<\/em><\/h5>\n","protected":false},"excerpt":{"rendered":"<p>Con la lupa puesta en la planta de empleados p\u00fablicos con la que cada intendente terminar\u00e1 su mandato, surge a la &#8230;<\/p>\n","protected":false},"author":8,"featured_media":61501,"comment_status":"open","ping_status":"open","sticky":false,"template":"","format":"standard","meta":{"footnotes":""},"categories":[1],"tags":[],"class_list":["post-61499","post","type-post","status-publish","format-standard","has-post-thumbnail","hentry","category-fmvinas"],"_links":{"self":[{"href":"https:\/\/vinasfm.com\/noticias\/wp-json\/wp\/v2\/posts\/61499","targetHints":{"allow":["GET"]}}],"collection":[{"href":"https:\/\/vinasfm.com\/noticias\/wp-json\/wp\/v2\/posts"}],"about":[{"href":"https:\/\/vinasfm.com\/noticias\/wp-json\/wp\/v2\/types\/post"}],"author":[{"embeddable":true,"href":"https:\/\/vinasfm.com\/noticias\/wp-json\/wp\/v2\/users\/8"}],"replies":[{"embeddable":true,"href":"https:\/\/vinasfm.com\/noticias\/wp-json\/wp\/v2\/comments?post=61499"}],"version-history":[{"count":1,"href":"https:\/\/vinasfm.com\/noticias\/wp-json\/wp\/v2\/posts\/61499\/revisions"}],"predecessor-version":[{"id":61503,"href":"https:\/\/vinasfm.com\/noticias\/wp-json\/wp\/v2\/posts\/61499\/revisions\/61503"}],"wp:featuredmedia":[{"embeddable":true,"href":"https:\/\/vinasfm.com\/noticias\/wp-json\/wp\/v2\/media\/61501"}],"wp:attachment":[{"href":"https:\/\/vinasfm.com\/noticias\/wp-json\/wp\/v2\/media?parent=61499"}],"wp:term":[{"taxonomy":"category","embeddable":true,"href":"https:\/\/vinasfm.com\/noticias\/wp-json\/wp\/v2\/categories?post=61499"},{"taxonomy":"post_tag","embeddable":true,"href":"https:\/\/vinasfm.com\/noticias\/wp-json\/wp\/v2\/tags?post=61499"}],"curies":[{"name":"wp","href":"https:\/\/api.w.org\/{rel}","templated":true}]}}