{"id":61470,"date":"2019-11-12T11:48:49","date_gmt":"2019-11-12T14:48:49","guid":{"rendered":"http:\/\/vinasfm.com\/noticias\/?p=61470"},"modified":"2019-11-12T11:48:49","modified_gmt":"2019-11-12T14:48:49","slug":"la-lectura-periodistica-en-bolivia-sobre-la-renuncia-de-evo-morales-y-la-crisis-social-imperante","status":"publish","type":"post","link":"https:\/\/vinasfm.com\/noticias\/la-lectura-periodistica-en-bolivia-sobre-la-renuncia-de-evo-morales-y-la-crisis-social-imperante\/","title":{"rendered":"LA LECTURA PERIOD\u00cdSTICA EN BOLIVIA SOBRE LA RENUNCIA DE EVO MORALES Y LA CRISIS SOCIAL IMPERANTE"},"content":{"rendered":"<h4><strong>El presidente de Bolivia, Evo Morales, renunci\u00f3 este domingo en medio de una creciente oposici\u00f3n luego de que una auditor\u00eda internacional revelara \u00abgraves irregularidades\u00bb. El anuncio lo realiz\u00f3 luego de que el Jefe de las Fuerzas Armadas y el de la Polic\u00eda Nacional le \u201csugirieran\u201d dimitir del cargo que ha fungido desde 2006.<\/strong><\/h4>\n<p>En contacto internacional, <em><strong>F.M. Vi\u00f1as<\/strong><\/em> mantuvo di\u00e1logo con <strong>Mauricio Rodr\u00edguez<\/strong>, <strong>periodista de boliviano con residencia en Cochabamba<\/strong>, quien reflej\u00f3 la situaci\u00f3n que transita el vecino pa\u00eds: \u201c<em>Barricadas y bloqueos se han dispuesto en ciudades como Cochabamba, Santa Cruz ni otros departamentos del pa\u00eds que ped\u00edan la denuncia del presidente Morales de la que ahora tiene que ser atendida en la Asamblea Legislativa\u201d.<\/em><\/p>\n<p><em>\u201cSe est\u00e1 buscando la mejora alternativa para elegir una nueva directiva nacional que conduzca el pa\u00eds por lo menor por 90 d\u00edas hasta que se generen nuevas elecciones presidenciales. Hasta que no ocurra esto las medidas de presi\u00f3n en el pa\u00eds se van a mantener de acuerdo a lo que se ha manifestado\u201d<\/em>, subray\u00f3 Rodr\u00edguez.<\/p>\n<p>El vac\u00edo jur\u00eddico y de poder en Bolivia, luego de la renuncia de Morales, tiene causa en la ausencia de funcionarios nacionales del vecino pa\u00eds para ocupar el Ejecutivo nacional: \u00a0\u201c<em>La cadena de sucesi\u00f3n viene del presidente al vicepresidente, luego a la presidente de la C\u00e1mara de Senadores (Adriana Salvatierra) quien ha renunciado en las \u00faltimas horas por lo que queda un vac\u00edo jur\u00eddico y de poder porque la convocatoria a esta reuni\u00f3n tendr\u00eda que hacerla el vicepresidente del Estado que tambi\u00e9n dimiti\u00f3. Tomando en cuenta este vac\u00edo se busca que la Alianza intente encontrar una salida alternativa buscando entre los senadores m\u00e1s representativos al que pueda comandar este proceso de Elecciones<\/em>\u201d, se\u00f1al\u00f3 el periodista.<\/p>\n<p>En primera instancia se ha presentado como opci\u00f3n al ex candidato por \u2018Bolivia Dice\u2019, Oscar Ort\u00edz, quien tiene amplio recorrido en el Senado boliviano y ser\u00eda acompa\u00f1ado por el sector oficialista para llevar adelante un proceso conveniente a los intereses de todos los bolivianos<\/p>\n<p>En medio de la creciente crisis social atravesada, a trav\u00e9s de un comunicado, las Fuerzas Armadas de ese pa\u00eds anunciaron el estado de sitio de facto en el todo el territorio: <em>\u201cEl comando de la polic\u00eda determin\u00f3 replegar sus unidades y declararse en mot\u00edn por sentir que el gobierno en los \u00faltimos a\u00f1os hab\u00eda estado menospreciando la instituci\u00f3n policial. Los militares mantuvieron distancia en primer momento pero ante la sucesi\u00f3n de renuncias de los principales representantes del Movimiento al Socialismo alentados por las fuertes revueltas, es que definieron controlar el espacio y el Comandante de las FFAA sugiri\u00f3 que ser\u00eda oportuno que el gobierno renunciara para estabilizar el pa\u00eds\u201d, <\/em>explic\u00f3.<\/p>\n<p>La situaci\u00f3n es compleja en medio del desd\u00e9n social condicionando la vida y cotidianeidad de los bolivianos que en procura de preservar sus bienes y actividades han determinado no salir de sus casa y cerrar comercios evitando que sean vandalizados por grupos de choque: <em>\u201cEn la Paz, en la sede de gobierno, la situaci\u00f3n es precaria porque los bloqueos se mantienen y hay inseguridad sobre lo que vaya a acontecer en las pr\u00f3ximas horas. En Cochabamba los comercios est\u00e1n cerrados y pr\u00e1cticamente el movimiento se ha reducido a entre 1 y 3% aproximadamente por miedo a que se mejoren problemas. Los comerciantes se han organizado en grupos numerosos para preservar sus puestos de trabajos pero pidiendo seguridad<\/em>\u201d, grafic\u00f3 Mauricio Rodriguez.<\/p>\n<p>Con el paso de las horas la situaci\u00f3n va mutando a tal punto que ayer no se sab\u00eda el paradero del ex jefe de gobierno boliviano y temprano medios de comunicaci\u00f3n informaron sobre la partida de Evo a M\u00e9xico, pa\u00eds que le ofreci\u00f3 asilo pol\u00edtico. A las 1:35h Morales, junto a su hermana,\u00a0<strong>Esther Morales Ayma<\/strong>; su hija,\u00a0<strong>Eva Liz Morales Alvarado<\/strong>; el ex vicepresidente del pa\u00eds,<strong>\u00a0\u00c1lvaro Garc\u00eda Linera<\/strong>; y la ex ministra de Salud,\u00a0<strong>Gabriela Monta\u00f1o <\/strong>despegaron en un avi\u00f3n de las FFAA Mexicanas rumbo al pa\u00eds centroamericano aunque debi\u00f3 abastecerse en Paraguay ya que no ten\u00eda permiso para volar por cielo peruano. \u00a0\u00ab<strong><em>Volver\u00e9 con m\u00e1s fuerza<\/em><\/strong>\u201d, prometi\u00f3 al partir.<\/p>\n<h3 id=\"title\"><strong>Evo Morales llega hoy a M\u00e9xico y el Parlamento se prepara para nombrar un gobierno interino<\/strong><\/h3>\n<p>Con Evo renunci\u00f3 toda la primera l\u00ednea de gobierno y su l\u00ednea de sucesi\u00f3n: su vice, sus ministros, los presidentes de ambas c\u00e1maras y un gran n\u00famero de legisladores.<\/p>\n<p>Con ese panorama de vac\u00edo de poder y estallidos de violencia en las calles, el Parlamento intentar\u00e1 este martes en sesi\u00f3n extraordinaria\u00a0<strong>nombrar a la segunda vicepresidenta del Senado, la opositora\u00a0Jeanine A\u00f1ez<\/strong>, y detallar un cronograma de elecciones para enero.<\/p>\n<p>Seg\u00fan diarios locales, \u00ab<em>la senadora Jeanine A\u00f1ez, una vez posesionada como presidenta del Senado, por sucesi\u00f3n constitucional quedar\u00e1 como la nueva presidenta del Estado.\u00bb<\/em><\/p>\n<p>\u201c<em>Una vez puesta en conocimiento y aceptadas las renuncias de Evo Morales y Alvaro Garc\u00eda Linera, inmediatamente tendr\u00e1 que asumir la presidenta del Estado\u00a0la se\u00f1ora Jeanine A\u00f1ez y ser posesionado este mismo<\/em> d\u00eda\u201d, inform\u00f3 el diputado de Unidad Nacional, Amilcar Barral.<\/p>\n<p>Seg\u00fan publica en la ma\u00f1ana del martes, el diario El D\u00eda, el asamble\u00edsta, anticip\u00f3 que, si bien no ha habido un consenso o alguna reuni\u00f3n de acuerdo previo para viabilizar dicha elecci\u00f3n en la Asamblea,\u00a0<strong>se apegar\u00e1n todos a la sucesi\u00f3n constitucional establecida<\/strong>. \u201c<em>Aunque no haya oposici\u00f3n a ella corresponde. Nosotros como Unidad Nacional y oposici\u00f3n vamos a hacer que Jeanine sea la presidenta del Estado<\/em>\u201d, precis\u00f3 Barral.<\/p>\n<p>Sin embargo, para que todo ese proceso se materialice, la sesi\u00f3n del Senado<strong>\u00a0debe contar con con el qu\u00f3rum correspondiente, con el 50% mas uno<\/strong>, precis\u00f3 la polit\u00f3loga Jimena Costa. \u201c<em>Autom\u00e1ticamente cuando ella sea designada presidenta del senado ya le corresponde autom\u00e1ticamente ser la presidenta del Estado, ante la renuncia del presidente y vicepresidente del Estado, como ha sucedido<\/em>\u201d, explic\u00f3 Costa.<\/p>\n<p>A\u00f1ez, ser\u00e1 ungida a dirigir la alta funci\u00f3n del Estado con<strong>\u00a0la \u00fanica misi\u00f3n transitoria de viabilizar las nuevas elecciones\u00a0<\/strong>generales para el periodo 2020-2025, cuyo periodo ser\u00e1 definido en la sesi\u00f3n de este martes. Las principales tareas de la nueva autoridad del Estado para que dicho proceso se materialice son dos: constituir un nuevo tribunal electoral y convocar al nuevo proceso electoral.<\/p>\n<h4><strong>Qui\u00e9n es qui\u00e9n en la crisis de Bolivia<\/strong><\/h4>\n<p>Diez personajes claves de la elecci\u00f3n del 20 de octubre a la renuncia de Evo Morales<\/p>\n<h4><strong>Evo Morales<\/strong><\/h4>\n<p>PRESIDENTE (RENUNCI\u00d3)<\/p>\n<p>Primer presidente ind\u00edgena de Bolivia y ex l\u00edder sindical. Asumi\u00f3 su primer mandato el 22 de enero de 2006. Fue reelecto el 6 de diciembre de 2009 y el 12 de octubre de 2014. Con mandato hasta el 22 de enero de 2020, busc\u00f3 un cuarto mandato a pesar de que la Constituci\u00f3n y un refer\u00e9ndum se lo negaron. Habilitado, por un fallo judicial, en las elecciones del 20 de octubre de 2019 se autoproclam\u00f3 vencedor en primera vuelta, rodeado de acusaciones de fraude. Presionado y aislado, renunci\u00f3 el domingo 10 de noviembre, dejando un vac\u00edo de poder.<\/p>\n<h4><strong>Alvaro Garc\u00eda Linera<\/strong><\/h4>\n<p>VICEPRESIDENTE (RENUNCI\u00d3)<\/p>\n<p>Acompa\u00f1\u00f3 en la vicepresidencia a Evo Morales desde su primera gesti\u00f3n en 2006. Oriundo de Cochabamba, militante de izquierda y part\u00edcipe de la causa indigenista en Bolivia, renunci\u00f3 junto al presidente el 10 de noviembre.<\/p>\n<h4><strong>Carlos Mesa<\/strong><\/h4>\n<p>CANDIDATO OPOSITOR<\/p>\n<p>Fue presidente tras la salida del pa\u00eds de Gonz\u00e1lo S\u00e1nchez de Lozada, en 2003. En 2005 renunci\u00f3 en medio de duras protestas convocadas por sindicalistas, entre ellos Evo Morales. Catorce a\u00f1os despu\u00e9s busc\u00f3 una nueva oportunidad y habr\u00eda sumado los votos para acceder al balotaje contra Morales en elecciones que, seg\u00fan la OEA, no son v\u00e1lidas. Naci\u00f3 en La Paz en 1953 y dedic\u00f3 gran parte de su vida al periodismo y la historia.<\/p>\n<h4><strong>Luis Fernando Camacho<\/strong><\/h4>\n<p>CANDIDATO OPOSITOR<\/p>\n<p>L\u00edder c\u00edvico cruce\u00f1o de 40 a\u00f1os y empresario. Nunca fue elegido ni ocup\u00f3 un cargo administrativo de gobierno. Sin embargo, milita en sectores de ultraderecha desde que tiene 17 a\u00f1os. Con una ret\u00f3rica entre m\u00edstica y religiosa, blande todo el tiempo una Biblia. La actual crisis en Bolivia lo convirti\u00f3 en el l\u00edder natural de la oposici\u00f3n.<\/p>\n<h4><strong>Adriana Salvatierra<\/strong><\/h4>\n<p>PRESIDENTA DEL SENADO (RENUNCI\u00d3)<\/p>\n<p>Ejerc\u00eda la presidencia del Senado por el oficialista MAS. Si bien ante las renuncias del presidente y el vice quedaba primera en la l\u00ednea sucesoria, ella tambi\u00e9n present\u00f3 su dimisi\u00f3n.<\/p>\n<h4><strong>Victor Borda<\/strong><\/h4>\n<p>PRESIDENTE DE DIPUTADOS (RENUNCI\u00d3)<\/p>\n<p>Ejerc\u00eda la presidencia de Diputados, tambi\u00e9n por el oficialista MAS. Al igual que su par en el Senado, renunci\u00f3 tras el anuncio de Evo Morales de dejar el gobierno.<\/p>\n<h4><strong>Jeanine A\u00f1ez<\/strong><\/h4>\n<p>SEGUNDA VICEPRESIDENTA DEL SENADO<\/p>\n<p>Segunda vicepresidenta del Senado, del partido opositor Uni\u00f3n Democr\u00e1tica, ya ha mostrado su disposici\u00f3n a asumir la tarea de dirigir el pa\u00eds en las circunstancias actuales.<\/p>\n<h4><strong>Mar\u00eda Eugenia Choque Quispe<\/strong><\/h4>\n<p>PRESIDENTA DEL TRIBUNAL SUPREMO ELECTORAL<\/p>\n<p>Fue detenida tras la renuncia de Evo Morales por el manejo irregular del escrutinio. Hab\u00eda renunciado tras el devastador informe de la OEA sobre irregularidades en la elecci\u00f3n presidencial del 20 de octubre.<\/p>\n<h4><strong>Williams Kaliman Romero<\/strong><\/h4>\n<p>JEFE DEL MANDO MILITAR<\/p>\n<p>Al mando de las Fuerzas Armadas de Bolivia le retir\u00f3 su apoyo a Evo Morales y fue quien le \u201csugiri\u00f3\u201d que renunciara.<\/p>\n<h4><strong>Yuri Vladimir Calder\u00f3n<\/strong><\/h4>\n<p>COMANDANTE NACIONAL DE POLIC\u00cdA (RENUNCI\u00d3)<\/p>\n<p>Junto con el jefe del Ej\u00e9rcito, tambi\u00e9n pidi\u00f3 la renuncia de Evo Morales. Tras desmentir que haya una orden de aprehensi\u00f3n contra el ahora ex presidente, el lunes tambi\u00e9n renunci\u00f3.<\/p>\n<h5><em>\u2022Fernando Burett (F.M. Vi\u00f1as).<\/em><\/h5>\n","protected":false},"excerpt":{"rendered":"<p>El presidente de Bolivia, Evo Morales, renunci\u00f3 este domingo en medio de una creciente oposici\u00f3n luego de que una auditor\u00eda internacional &#8230;<\/p>\n","protected":false},"author":8,"featured_media":61471,"comment_status":"open","ping_status":"open","sticky":false,"template":"","format":"standard","meta":{"footnotes":""},"categories":[1],"tags":[],"class_list":["post-61470","post","type-post","status-publish","format-standard","has-post-thumbnail","hentry","category-fmvinas"],"_links":{"self":[{"href":"https:\/\/vinasfm.com\/noticias\/wp-json\/wp\/v2\/posts\/61470","targetHints":{"allow":["GET"]}}],"collection":[{"href":"https:\/\/vinasfm.com\/noticias\/wp-json\/wp\/v2\/posts"}],"about":[{"href":"https:\/\/vinasfm.com\/noticias\/wp-json\/wp\/v2\/types\/post"}],"author":[{"embeddable":true,"href":"https:\/\/vinasfm.com\/noticias\/wp-json\/wp\/v2\/users\/8"}],"replies":[{"embeddable":true,"href":"https:\/\/vinasfm.com\/noticias\/wp-json\/wp\/v2\/comments?post=61470"}],"version-history":[{"count":1,"href":"https:\/\/vinasfm.com\/noticias\/wp-json\/wp\/v2\/posts\/61470\/revisions"}],"predecessor-version":[{"id":61519,"href":"https:\/\/vinasfm.com\/noticias\/wp-json\/wp\/v2\/posts\/61470\/revisions\/61519"}],"wp:featuredmedia":[{"embeddable":true,"href":"https:\/\/vinasfm.com\/noticias\/wp-json\/wp\/v2\/media\/61471"}],"wp:attachment":[{"href":"https:\/\/vinasfm.com\/noticias\/wp-json\/wp\/v2\/media?parent=61470"}],"wp:term":[{"taxonomy":"category","embeddable":true,"href":"https:\/\/vinasfm.com\/noticias\/wp-json\/wp\/v2\/categories?post=61470"},{"taxonomy":"post_tag","embeddable":true,"href":"https:\/\/vinasfm.com\/noticias\/wp-json\/wp\/v2\/tags?post=61470"}],"curies":[{"name":"wp","href":"https:\/\/api.w.org\/{rel}","templated":true}]}}