{"id":61425,"date":"2019-11-11T09:04:03","date_gmt":"2019-11-11T12:04:03","guid":{"rendered":"http:\/\/vinasfm.com\/noticias\/?p=61425"},"modified":"2019-11-12T07:17:56","modified_gmt":"2019-11-12T10:17:56","slug":"fotogaleria-asi-celebro-sus-5-anos-la-multiferia-del-barrio-san-carlos","status":"publish","type":"post","link":"https:\/\/vinasfm.com\/noticias\/fotogaleria-asi-celebro-sus-5-anos-la-multiferia-del-barrio-san-carlos\/","title":{"rendered":"FOTOGALER\u00cdA: AS\u00cd CELEBR\u00d3 SUS 5 A\u00d1OS LA MULTIFERIA DEL BARRIO SAN CARLOS"},"content":{"rendered":"<h4><strong>La Multiferia del Barrio San Carlos festej\u00f3 sus primeros 5 a\u00f1os de vida con un variet\u00e9 de actividades en la plaza barrial donde s\u00e1bado a s\u00e1bado se congregan para comercializar distintos productos.<\/strong><\/h4>\n<p>En un escenario montado se presentaron m\u00fasicos, artistas y conjuntos folcl\u00f3ricos para amenizar una jornada que comenz\u00f3 temprano, como cada s\u00e1bado, y culmin\u00f3 cerca de las 18h. Adem\u00e1s se cont\u00f3 con la presencia del Secretarios de Gobierno Jos\u00e9 Vilches y otros funcionarios.<\/p>\n<p>Adriana Kurosky, una de las fundadoras de la misma, mantuvo dialogo con F.M. Vi\u00f1as y rese\u00f1\u00f3: \u201c<em>\u00c9ramos un grupo de amigas que ten\u00edamos una necesidad ya que \u00e9ramos madres solas y ten\u00edamos que sobrevivir de alguna forma. As\u00ed comenzamos con esto y de a poco se fueron sumando m\u00e1s de a poco\u201d.<\/em><\/p>\n<p>Con el paso del tiempo la Multiferia ha ido creciendo llegando a engrosar la lista de anotados cerca de 600 familias que con gasebos, mantas y meses se posicionan en un lugar determinado vendiendo vestimenta nueva y\/o usada,flores, calzado, ropa blanca, chacinados, conservas, comestibles, art\u00edculos electr\u00f3nicos, artesan\u00edas y dem\u00e1s.<\/p>\n<p>La Multiferia surgida en el seno del barrio m\u00e1s populoso del departamento recibe a vendedores de distintos puntos del departamento y de distritos sanrafaelinos aleda\u00f1os: \u201c<em>Hay gente de Bowen, Carmensa, Oeste, El Ceibo, La Mazolina y de otros lugares de Alvear como as\u00ed tambi\u00e9n de Real del Padre, Jaime Prats, Villa Atuel y Monte Com\u00e1n. No todos vienen un s\u00e1bado pero vienen al siguiente y se va renonvando\u201d.<\/em><\/p>\n<p><em>\u201cEsto sirve para paliar la situaci\u00f3n econ\u00f3mica que estamos pasando. De hecho hay familias que comen en la semana con lo que ganan en la feria\u201d, <\/em>culmino Kurosky.<\/p>\n<p><strong>ESCENARIO Y RECORRIDO POR LOS STAND\u00a0<\/strong><\/p>\n<p><img loading=\"lazy\" decoding=\"async\" class=\" wp-image-61428 aligncenter\" src=\"http:\/\/vinasfm.com\/noticias\/wp-content\/uploads\/2019\/11\/5a09aa1e-8fdf-40d0-87ec-52e996a288e3-300x146.jpg\" alt=\"\" width=\"413\" height=\"201\" srcset=\"https:\/\/vinasfm.com\/noticias\/wp-content\/uploads\/2019\/11\/5a09aa1e-8fdf-40d0-87ec-52e996a288e3-300x146.jpg 300w, https:\/\/vinasfm.com\/noticias\/wp-content\/uploads\/2019\/11\/5a09aa1e-8fdf-40d0-87ec-52e996a288e3-768x373.jpg 768w, https:\/\/vinasfm.com\/noticias\/wp-content\/uploads\/2019\/11\/5a09aa1e-8fdf-40d0-87ec-52e996a288e3-1024x498.jpg 1024w, https:\/\/vinasfm.com\/noticias\/wp-content\/uploads\/2019\/11\/5a09aa1e-8fdf-40d0-87ec-52e996a288e3.jpg 1280w\" sizes=\"auto, (max-width: 413px) 100vw, 413px\" \/> <img loading=\"lazy\" decoding=\"async\" class=\" wp-image-61429 aligncenter\" src=\"http:\/\/vinasfm.com\/noticias\/wp-content\/uploads\/2019\/11\/769e2a38-a7f2-4ecf-9e25-e95f3618275c-300x146.jpg\" alt=\"\" width=\"409\" height=\"199\" srcset=\"https:\/\/vinasfm.com\/noticias\/wp-content\/uploads\/2019\/11\/769e2a38-a7f2-4ecf-9e25-e95f3618275c-300x146.jpg 300w, https:\/\/vinasfm.com\/noticias\/wp-content\/uploads\/2019\/11\/769e2a38-a7f2-4ecf-9e25-e95f3618275c-768x373.jpg 768w, https:\/\/vinasfm.com\/noticias\/wp-content\/uploads\/2019\/11\/769e2a38-a7f2-4ecf-9e25-e95f3618275c-1024x498.jpg 1024w, https:\/\/vinasfm.com\/noticias\/wp-content\/uploads\/2019\/11\/769e2a38-a7f2-4ecf-9e25-e95f3618275c.jpg 1280w\" sizes=\"auto, (max-width: 409px) 100vw, 409px\" \/> <img loading=\"lazy\" decoding=\"async\" class=\" wp-image-61431 aligncenter\" src=\"http:\/\/vinasfm.com\/noticias\/wp-content\/uploads\/2019\/11\/a93c94e8-077f-4d32-b070-bf1f1036240e-300x146.jpg\" alt=\"\" width=\"408\" height=\"199\" srcset=\"https:\/\/vinasfm.com\/noticias\/wp-content\/uploads\/2019\/11\/a93c94e8-077f-4d32-b070-bf1f1036240e-300x146.jpg 300w, https:\/\/vinasfm.com\/noticias\/wp-content\/uploads\/2019\/11\/a93c94e8-077f-4d32-b070-bf1f1036240e-768x373.jpg 768w, https:\/\/vinasfm.com\/noticias\/wp-content\/uploads\/2019\/11\/a93c94e8-077f-4d32-b070-bf1f1036240e-1024x498.jpg 1024w, https:\/\/vinasfm.com\/noticias\/wp-content\/uploads\/2019\/11\/a93c94e8-077f-4d32-b070-bf1f1036240e.jpg 1280w\" sizes=\"auto, (max-width: 408px) 100vw, 408px\" \/> <img loading=\"lazy\" decoding=\"async\" class=\" wp-image-61432 aligncenter\" src=\"http:\/\/vinasfm.com\/noticias\/wp-content\/uploads\/2019\/11\/baadde6c-e23f-4cc2-83b8-21d8c2bf2bfb-300x146.jpg\" alt=\"\" width=\"409\" height=\"199\" srcset=\"https:\/\/vinasfm.com\/noticias\/wp-content\/uploads\/2019\/11\/baadde6c-e23f-4cc2-83b8-21d8c2bf2bfb-300x146.jpg 300w, https:\/\/vinasfm.com\/noticias\/wp-content\/uploads\/2019\/11\/baadde6c-e23f-4cc2-83b8-21d8c2bf2bfb-768x373.jpg 768w, https:\/\/vinasfm.com\/noticias\/wp-content\/uploads\/2019\/11\/baadde6c-e23f-4cc2-83b8-21d8c2bf2bfb-1024x498.jpg 1024w, https:\/\/vinasfm.com\/noticias\/wp-content\/uploads\/2019\/11\/baadde6c-e23f-4cc2-83b8-21d8c2bf2bfb.jpg 1280w\" sizes=\"auto, (max-width: 409px) 100vw, 409px\" \/> <img loading=\"lazy\" decoding=\"async\" class=\" wp-image-61433 aligncenter\" src=\"http:\/\/vinasfm.com\/noticias\/wp-content\/uploads\/2019\/11\/e5807d25-0b1e-4341-a1c2-eb4a73316b33-300x146.jpg\" alt=\"\" width=\"406\" height=\"197\" srcset=\"https:\/\/vinasfm.com\/noticias\/wp-content\/uploads\/2019\/11\/e5807d25-0b1e-4341-a1c2-eb4a73316b33-300x146.jpg 300w, https:\/\/vinasfm.com\/noticias\/wp-content\/uploads\/2019\/11\/e5807d25-0b1e-4341-a1c2-eb4a73316b33-768x373.jpg 768w, https:\/\/vinasfm.com\/noticias\/wp-content\/uploads\/2019\/11\/e5807d25-0b1e-4341-a1c2-eb4a73316b33-1024x498.jpg 1024w, https:\/\/vinasfm.com\/noticias\/wp-content\/uploads\/2019\/11\/e5807d25-0b1e-4341-a1c2-eb4a73316b33.jpg 1280w\" sizes=\"auto, (max-width: 406px) 100vw, 406px\" \/><\/p>\n<h5><img loading=\"lazy\" decoding=\"async\" class=\" wp-image-61434 aligncenter\" src=\"http:\/\/vinasfm.com\/noticias\/wp-content\/uploads\/2019\/11\/2e7a2268-8a4d-4cc3-921c-a9adf53b8a43-300x146.jpg\" alt=\"\" width=\"413\" height=\"201\" srcset=\"https:\/\/vinasfm.com\/noticias\/wp-content\/uploads\/2019\/11\/2e7a2268-8a4d-4cc3-921c-a9adf53b8a43-300x146.jpg 300w, https:\/\/vinasfm.com\/noticias\/wp-content\/uploads\/2019\/11\/2e7a2268-8a4d-4cc3-921c-a9adf53b8a43-768x373.jpg 768w, https:\/\/vinasfm.com\/noticias\/wp-content\/uploads\/2019\/11\/2e7a2268-8a4d-4cc3-921c-a9adf53b8a43-1024x498.jpg 1024w, https:\/\/vinasfm.com\/noticias\/wp-content\/uploads\/2019\/11\/2e7a2268-8a4d-4cc3-921c-a9adf53b8a43.jpg 1280w\" sizes=\"auto, (max-width: 413px) 100vw, 413px\" \/> <img loading=\"lazy\" decoding=\"async\" class=\" wp-image-61435 aligncenter\" src=\"http:\/\/vinasfm.com\/noticias\/wp-content\/uploads\/2019\/11\/2fb0dc23-e4ba-42fb-bf7c-f381134994b5-300x146.jpg\" alt=\"\" width=\"415\" height=\"202\" srcset=\"https:\/\/vinasfm.com\/noticias\/wp-content\/uploads\/2019\/11\/2fb0dc23-e4ba-42fb-bf7c-f381134994b5-300x146.jpg 300w, https:\/\/vinasfm.com\/noticias\/wp-content\/uploads\/2019\/11\/2fb0dc23-e4ba-42fb-bf7c-f381134994b5-768x373.jpg 768w, https:\/\/vinasfm.com\/noticias\/wp-content\/uploads\/2019\/11\/2fb0dc23-e4ba-42fb-bf7c-f381134994b5-1024x498.jpg 1024w, https:\/\/vinasfm.com\/noticias\/wp-content\/uploads\/2019\/11\/2fb0dc23-e4ba-42fb-bf7c-f381134994b5.jpg 1280w\" sizes=\"auto, (max-width: 415px) 100vw, 415px\" \/> <img loading=\"lazy\" decoding=\"async\" class=\" wp-image-61436 aligncenter\" src=\"http:\/\/vinasfm.com\/noticias\/wp-content\/uploads\/2019\/11\/35faf38d-f189-4375-809e-dbe3f7bdab6f-300x146.jpg\" alt=\"\" width=\"406\" height=\"198\" srcset=\"https:\/\/vinasfm.com\/noticias\/wp-content\/uploads\/2019\/11\/35faf38d-f189-4375-809e-dbe3f7bdab6f-300x146.jpg 300w, https:\/\/vinasfm.com\/noticias\/wp-content\/uploads\/2019\/11\/35faf38d-f189-4375-809e-dbe3f7bdab6f-768x373.jpg 768w, https:\/\/vinasfm.com\/noticias\/wp-content\/uploads\/2019\/11\/35faf38d-f189-4375-809e-dbe3f7bdab6f-1024x498.jpg 1024w, https:\/\/vinasfm.com\/noticias\/wp-content\/uploads\/2019\/11\/35faf38d-f189-4375-809e-dbe3f7bdab6f.jpg 1280w\" sizes=\"auto, (max-width: 406px) 100vw, 406px\" \/> <img loading=\"lazy\" decoding=\"async\" class=\" wp-image-61437 aligncenter\" src=\"http:\/\/vinasfm.com\/noticias\/wp-content\/uploads\/2019\/11\/a805ac64-148f-4395-9b3c-a78ebfe42569-300x146.jpg\" alt=\"\" width=\"405\" height=\"196\" srcset=\"https:\/\/vinasfm.com\/noticias\/wp-content\/uploads\/2019\/11\/a805ac64-148f-4395-9b3c-a78ebfe42569-300x146.jpg 300w, https:\/\/vinasfm.com\/noticias\/wp-content\/uploads\/2019\/11\/a805ac64-148f-4395-9b3c-a78ebfe42569-768x373.jpg 768w, https:\/\/vinasfm.com\/noticias\/wp-content\/uploads\/2019\/11\/a805ac64-148f-4395-9b3c-a78ebfe42569-1024x498.jpg 1024w, https:\/\/vinasfm.com\/noticias\/wp-content\/uploads\/2019\/11\/a805ac64-148f-4395-9b3c-a78ebfe42569.jpg 1280w\" sizes=\"auto, (max-width: 405px) 100vw, 405px\" \/> <img loading=\"lazy\" decoding=\"async\" class=\" wp-image-61439 aligncenter\" src=\"http:\/\/vinasfm.com\/noticias\/wp-content\/uploads\/2019\/11\/f376d27b-e897-4095-9a7e-3ffa936fa02c-300x146.jpg\" alt=\"\" width=\"405\" height=\"197\" srcset=\"https:\/\/vinasfm.com\/noticias\/wp-content\/uploads\/2019\/11\/f376d27b-e897-4095-9a7e-3ffa936fa02c-300x146.jpg 300w, https:\/\/vinasfm.com\/noticias\/wp-content\/uploads\/2019\/11\/f376d27b-e897-4095-9a7e-3ffa936fa02c-768x373.jpg 768w, https:\/\/vinasfm.com\/noticias\/wp-content\/uploads\/2019\/11\/f376d27b-e897-4095-9a7e-3ffa936fa02c-1024x498.jpg 1024w, https:\/\/vinasfm.com\/noticias\/wp-content\/uploads\/2019\/11\/f376d27b-e897-4095-9a7e-3ffa936fa02c.jpg 1280w\" sizes=\"auto, (max-width: 405px) 100vw, 405px\" \/><\/h5>\n<h5><em>F.B. (F.M. Vi\u00f1as).<\/em><\/h5>\n","protected":false},"excerpt":{"rendered":"<p>La Multiferia del Barrio San Carlos festej\u00f3 sus primeros 5 a\u00f1os de vida con un variet\u00e9 de actividades en la plaza &#8230;<\/p>\n","protected":false},"author":8,"featured_media":61430,"comment_status":"open","ping_status":"open","sticky":false,"template":"","format":"standard","meta":{"footnotes":""},"categories":[5,11],"tags":[],"class_list":["post-61425","post","type-post","status-publish","format-standard","has-post-thumbnail","hentry","category-actualidad","category-sociales"],"_links":{"self":[{"href":"https:\/\/vinasfm.com\/noticias\/wp-json\/wp\/v2\/posts\/61425","targetHints":{"allow":["GET"]}}],"collection":[{"href":"https:\/\/vinasfm.com\/noticias\/wp-json\/wp\/v2\/posts"}],"about":[{"href":"https:\/\/vinasfm.com\/noticias\/wp-json\/wp\/v2\/types\/post"}],"author":[{"embeddable":true,"href":"https:\/\/vinasfm.com\/noticias\/wp-json\/wp\/v2\/users\/8"}],"replies":[{"embeddable":true,"href":"https:\/\/vinasfm.com\/noticias\/wp-json\/wp\/v2\/comments?post=61425"}],"version-history":[{"count":1,"href":"https:\/\/vinasfm.com\/noticias\/wp-json\/wp\/v2\/posts\/61425\/revisions"}],"predecessor-version":[{"id":61483,"href":"https:\/\/vinasfm.com\/noticias\/wp-json\/wp\/v2\/posts\/61425\/revisions\/61483"}],"wp:featuredmedia":[{"embeddable":true,"href":"https:\/\/vinasfm.com\/noticias\/wp-json\/wp\/v2\/media\/61430"}],"wp:attachment":[{"href":"https:\/\/vinasfm.com\/noticias\/wp-json\/wp\/v2\/media?parent=61425"}],"wp:term":[{"taxonomy":"category","embeddable":true,"href":"https:\/\/vinasfm.com\/noticias\/wp-json\/wp\/v2\/categories?post=61425"},{"taxonomy":"post_tag","embeddable":true,"href":"https:\/\/vinasfm.com\/noticias\/wp-json\/wp\/v2\/tags?post=61425"}],"curies":[{"name":"wp","href":"https:\/\/api.w.org\/{rel}","templated":true}]}}