{"id":61377,"date":"2019-11-09T10:32:16","date_gmt":"2019-11-09T13:32:16","guid":{"rendered":"http:\/\/vinasfm.com\/noticias\/?p=61377"},"modified":"2019-11-11T10:25:02","modified_gmt":"2019-11-11T13:25:02","slug":"fundacion-cecsagal-entrego-audifonos-a-dos-personas-con-hipoacusia","status":"publish","type":"post","link":"https:\/\/vinasfm.com\/noticias\/fundacion-cecsagal-entrego-audifonos-a-dos-personas-con-hipoacusia\/","title":{"rendered":"FUNDACI\u00d3N CECSAGAL ENTREG\u00d3 AUDIFONOS A DOS PERSONAS CON HIPOACUSIA"},"content":{"rendered":"<h4><strong>En un trabajo conjunto entre Fundaci\u00f3n Cecsagal, el Senador Guillermo Amstutz y Roberto \u201cBeto\u201d Yarsky se entregaron aud\u00edfonos a Angel y Martin Canales de 22 y 13 a\u00f1os , que padecen hipoacusia profunda. <\/strong>El momento de la entrega fue por dem\u00e1s emotivo para ambos j\u00f3venes que gozar\u00e1n de una notable mejora en su calidad de vida.<\/h4>\n<p><a href=\"http:\/\/vinasfm.com\/noticias\/wp-content\/uploads\/2019\/11\/AUDIFONO-1.jpg\"><img loading=\"lazy\" decoding=\"async\" class=\"alignnone wp-image-61379\" src=\"http:\/\/vinasfm.com\/noticias\/wp-content\/uploads\/2019\/11\/AUDIFONO-1-300x200.jpg\" alt=\"\" width=\"360\" height=\"241\" srcset=\"https:\/\/vinasfm.com\/noticias\/wp-content\/uploads\/2019\/11\/AUDIFONO-1-300x200.jpg 300w, https:\/\/vinasfm.com\/noticias\/wp-content\/uploads\/2019\/11\/AUDIFONO-1-768x513.jpg 768w, https:\/\/vinasfm.com\/noticias\/wp-content\/uploads\/2019\/11\/AUDIFONO-1.jpg 959w\" sizes=\"auto, (max-width: 360px) 100vw, 360px\" \/>\u00a0\u00a0 <\/a><a href=\"http:\/\/vinasfm.com\/noticias\/wp-content\/uploads\/2019\/11\/AUDIFONO-2.jpg\"><img loading=\"lazy\" decoding=\"async\" class=\"alignnone wp-image-61380\" src=\"http:\/\/vinasfm.com\/noticias\/wp-content\/uploads\/2019\/11\/AUDIFONO-2-300x200.jpg\" alt=\"\" width=\"361\" height=\"240\" srcset=\"https:\/\/vinasfm.com\/noticias\/wp-content\/uploads\/2019\/11\/AUDIFONO-2-300x200.jpg 300w, https:\/\/vinasfm.com\/noticias\/wp-content\/uploads\/2019\/11\/AUDIFONO-2-768x513.jpg 768w, https:\/\/vinasfm.com\/noticias\/wp-content\/uploads\/2019\/11\/AUDIFONO-2.jpg 959w\" sizes=\"auto, (max-width: 361px) 100vw, 361px\" \/><\/a><\/p>\n<p>A trav\u00e9s de diferentes gestiones, la Fundaci\u00f3n Cecsagal consigui\u00f3 aud\u00edfonos usados de muy buena calidad. <em>\u201cEstos aud\u00edfonos se consiguieron por gente que colabor\u00f3\u201d<\/em> indic\u00f3 Beto Yarsky T\u00e9cnico en Electromedicina, quien explic\u00f3 que los aparatos se restauraron y reacondicionaron a nuevo.<\/p>\n<p>El senador Guillermo Amstutz, quien ha colaborado con la restauraci\u00f3n de muchos aud\u00edfonos, se hizo cargo de los insumos para la reparaci\u00f3n, mientras que Yarsky de la mano de obra, incluidas las pr\u00f3tesis en acr\u00edlico.<\/p>\n<p>Por su parte Carlos Gonz\u00e1lez, Gerente de Cecsagal, se refiri\u00f3 a la tarea de la Fundaci\u00f3n Cecsagal: \u201cPermanentemente se est\u00e1n realizando ayudas a todos aquellos que lo precisen, algunas se pueden hacer p\u00fablicas y otras no. Ahora estamos entregando aud\u00edfonos pero tambi\u00e9n se realizan otras ayudas en el \u00e1mbito sanitario\u201d.<\/p>\n<p>Durante el a\u00f1o el brazo solidario de la cooperativa, trabaja en otras campa\u00f1as para los que m\u00e1s lo necesitan. Durante el invierno se juntaron y recolectaron 600 pares de zapatos a ni\u00f1os de escuelas primarias de la zona.<\/p>\n<h5><strong><em>A.C.<\/em><\/strong><\/h5>\n","protected":false},"excerpt":{"rendered":"<p>En un trabajo conjunto entre Fundaci\u00f3n Cecsagal, el Senador Guillermo Amstutz y Roberto \u201cBeto\u201d Yarsky se entregaron aud\u00edfonos a Angel y &#8230;<\/p>\n","protected":false},"author":7,"featured_media":61378,"comment_status":"open","ping_status":"open","sticky":false,"template":"","format":"standard","meta":{"footnotes":""},"categories":[5],"tags":[],"class_list":["post-61377","post","type-post","status-publish","format-standard","has-post-thumbnail","hentry","category-actualidad"],"_links":{"self":[{"href":"https:\/\/vinasfm.com\/noticias\/wp-json\/wp\/v2\/posts\/61377","targetHints":{"allow":["GET"]}}],"collection":[{"href":"https:\/\/vinasfm.com\/noticias\/wp-json\/wp\/v2\/posts"}],"about":[{"href":"https:\/\/vinasfm.com\/noticias\/wp-json\/wp\/v2\/types\/post"}],"author":[{"embeddable":true,"href":"https:\/\/vinasfm.com\/noticias\/wp-json\/wp\/v2\/users\/7"}],"replies":[{"embeddable":true,"href":"https:\/\/vinasfm.com\/noticias\/wp-json\/wp\/v2\/comments?post=61377"}],"version-history":[{"count":1,"href":"https:\/\/vinasfm.com\/noticias\/wp-json\/wp\/v2\/posts\/61377\/revisions"}],"predecessor-version":[{"id":61381,"href":"https:\/\/vinasfm.com\/noticias\/wp-json\/wp\/v2\/posts\/61377\/revisions\/61381"}],"wp:featuredmedia":[{"embeddable":true,"href":"https:\/\/vinasfm.com\/noticias\/wp-json\/wp\/v2\/media\/61378"}],"wp:attachment":[{"href":"https:\/\/vinasfm.com\/noticias\/wp-json\/wp\/v2\/media?parent=61377"}],"wp:term":[{"taxonomy":"category","embeddable":true,"href":"https:\/\/vinasfm.com\/noticias\/wp-json\/wp\/v2\/categories?post=61377"},{"taxonomy":"post_tag","embeddable":true,"href":"https:\/\/vinasfm.com\/noticias\/wp-json\/wp\/v2\/tags?post=61377"}],"curies":[{"name":"wp","href":"https:\/\/api.w.org\/{rel}","templated":true}]}}