{"id":61374,"date":"2019-11-09T10:35:22","date_gmt":"2019-11-09T13:35:22","guid":{"rendered":"http:\/\/vinasfm.com\/noticias\/?p=61374"},"modified":"2019-11-09T10:35:22","modified_gmt":"2019-11-09T13:35:22","slug":"robaron-una-moto-del-interior-de-una-vivienda-en-real-del-padre","status":"publish","type":"post","link":"https:\/\/vinasfm.com\/noticias\/robaron-una-moto-del-interior-de-una-vivienda-en-real-del-padre\/","title":{"rendered":"ROBARON UNA MOTO DEL INTERIOR DE UNA VIVIENDA EN REAL DEL PADRE"},"content":{"rendered":"<h4><strong>En horas de la madrugada de este viernes, delincuentes robaron una moto 110cc del interior de una vivienda en Real del Padre.<\/strong><\/h4>\n<p>El hecho fue viralizado en las redes sociales por su propietaria, quien manifest\u00f3 que hab\u00eda dejado el rodado marca Mirage en la casa de una amiga el pasado miercoles ya que ella deb\u00eda alojarse en el hospital \u201cEnfermeros Argentinos\u201d con su peque\u00f1o hijo que se encuentra internado. Ayer, su amiga le comunic\u00f3 que del patio de su vivienda, \u201cautores ignorados\u201d se la hab\u00edan sustra\u00eddo.<\/p>\n<p>Ahora, la joven solicita que ante cualquier informaci\u00f3n sobre el paradero de la movilidad la comuniquen a la polic\u00eda.<\/p>\n<h5><em>F.B. (F.M. Vi\u00f1as).<\/em><\/h5>\n","protected":false},"excerpt":{"rendered":"<p>En horas de la madrugada de este viernes, delincuentes robaron una moto 110cc del interior de una vivienda en Real del &#8230;<\/p>\n","protected":false},"author":8,"featured_media":61382,"comment_status":"open","ping_status":"open","sticky":false,"template":"","format":"standard","meta":{"footnotes":""},"categories":[5,4],"tags":[],"class_list":["post-61374","post","type-post","status-publish","format-standard","has-post-thumbnail","hentry","category-actualidad","category-policiales"],"_links":{"self":[{"href":"https:\/\/vinasfm.com\/noticias\/wp-json\/wp\/v2\/posts\/61374","targetHints":{"allow":["GET"]}}],"collection":[{"href":"https:\/\/vinasfm.com\/noticias\/wp-json\/wp\/v2\/posts"}],"about":[{"href":"https:\/\/vinasfm.com\/noticias\/wp-json\/wp\/v2\/types\/post"}],"author":[{"embeddable":true,"href":"https:\/\/vinasfm.com\/noticias\/wp-json\/wp\/v2\/users\/8"}],"replies":[{"embeddable":true,"href":"https:\/\/vinasfm.com\/noticias\/wp-json\/wp\/v2\/comments?post=61374"}],"version-history":[{"count":1,"href":"https:\/\/vinasfm.com\/noticias\/wp-json\/wp\/v2\/posts\/61374\/revisions"}],"predecessor-version":[{"id":61383,"href":"https:\/\/vinasfm.com\/noticias\/wp-json\/wp\/v2\/posts\/61374\/revisions\/61383"}],"wp:featuredmedia":[{"embeddable":true,"href":"https:\/\/vinasfm.com\/noticias\/wp-json\/wp\/v2\/media\/61382"}],"wp:attachment":[{"href":"https:\/\/vinasfm.com\/noticias\/wp-json\/wp\/v2\/media?parent=61374"}],"wp:term":[{"taxonomy":"category","embeddable":true,"href":"https:\/\/vinasfm.com\/noticias\/wp-json\/wp\/v2\/categories?post=61374"},{"taxonomy":"post_tag","embeddable":true,"href":"https:\/\/vinasfm.com\/noticias\/wp-json\/wp\/v2\/tags?post=61374"}],"curies":[{"name":"wp","href":"https:\/\/api.w.org\/{rel}","templated":true}]}}