{"id":61311,"date":"2019-11-08T09:34:44","date_gmt":"2019-11-08T12:34:44","guid":{"rendered":"http:\/\/vinasfm.com\/noticias\/?p=61311"},"modified":"2019-11-08T09:51:18","modified_gmt":"2019-11-08T12:51:18","slug":"una-moto-y-un-vehiculo-impactaron-en-jose-ingenieros-y-bernardo-de-irigoyen","status":"publish","type":"post","link":"https:\/\/vinasfm.com\/noticias\/una-moto-y-un-vehiculo-impactaron-en-jose-ingenieros-y-bernardo-de-irigoyen\/","title":{"rendered":"UNA MOTO Y UN VEH\u00cdCULO IMPACTARON EN JOS\u00c9 INGENIEROS Y BERNARDO DE IRIGOYEN"},"content":{"rendered":"<h4><strong>La conductora de una moto y su acompa\u00f1ante sufrieron lesiones leves luego ser embestidas por un veh\u00edculo en la intersecci\u00f3n de calles Jos\u00e9 Ingenieros y Bernardo De Irigoyen.<\/strong><\/h4>\n<p>El accidente se produjo cerca de las <strong>13:10h del d\u00eda de ayer<\/strong> cuando por <strong>Jos\u00e9 Ingenieros<\/strong> en direcci\u00f3n al este se desplazaban dos mujeres en una moto y al llegar al cruce con Bernardo de Irigoyen fueron impactadas por un veh\u00edculo.<\/p>\n<p>A ra\u00edz del impacto, la conductora del rodado menor y su acompa\u00f1ante cayeron pesadamente al piso provoc\u00e1ndoles lesiones leves. Ambas <strong>fueron asistidas en el nosocomio local<\/strong>.<\/p>\n<p>Se labraron actuaciones en \u201c<strong>Averiguaci\u00f3n lesiones culposas<\/strong>\u201d bajo instrucci\u00f3n de la Unidad Fiscal de Comisar\u00eda 14\u00aa.<\/p>\n<h5><em>F.B. (F.M. Vi\u00f1as).<\/em><\/h5>\n","protected":false},"excerpt":{"rendered":"<p>La conductora de una moto y su acompa\u00f1ante sufrieron lesiones leves luego ser embestidas por un veh\u00edculo en la intersecci\u00f3n de &#8230;<\/p>\n","protected":false},"author":8,"featured_media":46754,"comment_status":"open","ping_status":"open","sticky":false,"template":"","format":"standard","meta":{"footnotes":""},"categories":[5,4],"tags":[],"class_list":["post-61311","post","type-post","status-publish","format-standard","has-post-thumbnail","hentry","category-actualidad","category-policiales"],"_links":{"self":[{"href":"https:\/\/vinasfm.com\/noticias\/wp-json\/wp\/v2\/posts\/61311","targetHints":{"allow":["GET"]}}],"collection":[{"href":"https:\/\/vinasfm.com\/noticias\/wp-json\/wp\/v2\/posts"}],"about":[{"href":"https:\/\/vinasfm.com\/noticias\/wp-json\/wp\/v2\/types\/post"}],"author":[{"embeddable":true,"href":"https:\/\/vinasfm.com\/noticias\/wp-json\/wp\/v2\/users\/8"}],"replies":[{"embeddable":true,"href":"https:\/\/vinasfm.com\/noticias\/wp-json\/wp\/v2\/comments?post=61311"}],"version-history":[{"count":2,"href":"https:\/\/vinasfm.com\/noticias\/wp-json\/wp\/v2\/posts\/61311\/revisions"}],"predecessor-version":[{"id":61334,"href":"https:\/\/vinasfm.com\/noticias\/wp-json\/wp\/v2\/posts\/61311\/revisions\/61334"}],"wp:featuredmedia":[{"embeddable":true,"href":"https:\/\/vinasfm.com\/noticias\/wp-json\/wp\/v2\/media\/46754"}],"wp:attachment":[{"href":"https:\/\/vinasfm.com\/noticias\/wp-json\/wp\/v2\/media?parent=61311"}],"wp:term":[{"taxonomy":"category","embeddable":true,"href":"https:\/\/vinasfm.com\/noticias\/wp-json\/wp\/v2\/categories?post=61311"},{"taxonomy":"post_tag","embeddable":true,"href":"https:\/\/vinasfm.com\/noticias\/wp-json\/wp\/v2\/tags?post=61311"}],"curies":[{"name":"wp","href":"https:\/\/api.w.org\/{rel}","templated":true}]}}