{"id":61210,"date":"2019-11-06T09:14:15","date_gmt":"2019-11-06T12:14:15","guid":{"rendered":"http:\/\/vinasfm.com\/noticias\/?p=61210"},"modified":"2019-11-06T12:07:41","modified_gmt":"2019-11-06T15:07:41","slug":"se-realizo-la-capacitacion-sobre-sistemas-b-en-la-camara-de-comercio","status":"publish","type":"post","link":"https:\/\/vinasfm.com\/noticias\/se-realizo-la-capacitacion-sobre-sistemas-b-en-la-camara-de-comercio\/","title":{"rendered":"SE REALIZ\u00d3 LA CAPACITACI\u00d3N SOBRE SISTEMAS &#8216;B&#8217; EN LA C\u00c1MARA DE COMERCIO"},"content":{"rendered":"<h4><strong>En la tarde de este martes en la C\u00e1mara de Comercio, a trav\u00e9s de la C\u00e1mara Joven, se llev\u00f3 adelante una capacitaci\u00f3n sobre esta herramienta que busca generar un triple impacto.<\/strong><\/h4>\n<p><strong>Sistema B<\/strong> es un movimiento que parte de la iniciativa de una ONG que mide el tripe impacto -Econ\u00f3mico \u2013 Social \u2013 Ambiental; mediante una herramienta de gesti\u00f3n on line y gratuita, con el fin de aplicar mejoras en estos aspectos en empresas en funcionamiento y\/o emprendimientos a iniciarse.<\/p>\n<p>Con el aporte de Unculab Incubadora de U.N.C. y gesti\u00f3n de FEM Federaci\u00f3n Econ\u00f3mica de Mendoza se llev\u00f3 a cabo este taller organizado por la C\u00e1mara Joven. \u00c9ste es un aporte que ayuda a empresas del medio para que puedan aplicar la metodolog\u00eda de Sistemas B.<\/p>\n<p>Tambi\u00e9n, se conocieron los testimonios de El Botell\u00f3n, que es una empresa B, quienes hicieron conocer c\u00f3mo posicionarse en el mercado, los beneficios de pertenecer a un registro mundial de empresas B, alianzas comerciales, etc.<\/p>\n<p>Todo ello, forma parte de un movimiento global de triple impacto en econom\u00edas circulares.<\/p>\n<p>Desde la C\u00e1mara Joven se manifestaron dispuestos a continuar brindando futuras capacitaciones al respecto.<\/p>\n<h5><em>F.B. (F.M. Vi\u00f1as).<\/em><\/h5>\n","protected":false},"excerpt":{"rendered":"<p>En la tarde de este martes en la C\u00e1mara de Comercio, a trav\u00e9s de la C\u00e1mara Joven, se llev\u00f3 adelante una &#8230;<\/p>\n","protected":false},"author":8,"featured_media":61216,"comment_status":"open","ping_status":"open","sticky":false,"template":"","format":"standard","meta":{"footnotes":""},"categories":[5,32],"tags":[],"class_list":["post-61210","post","type-post","status-publish","format-standard","has-post-thumbnail","hentry","category-actualidad","category-camara-de-comercio"],"_links":{"self":[{"href":"https:\/\/vinasfm.com\/noticias\/wp-json\/wp\/v2\/posts\/61210","targetHints":{"allow":["GET"]}}],"collection":[{"href":"https:\/\/vinasfm.com\/noticias\/wp-json\/wp\/v2\/posts"}],"about":[{"href":"https:\/\/vinasfm.com\/noticias\/wp-json\/wp\/v2\/types\/post"}],"author":[{"embeddable":true,"href":"https:\/\/vinasfm.com\/noticias\/wp-json\/wp\/v2\/users\/8"}],"replies":[{"embeddable":true,"href":"https:\/\/vinasfm.com\/noticias\/wp-json\/wp\/v2\/comments?post=61210"}],"version-history":[{"count":1,"href":"https:\/\/vinasfm.com\/noticias\/wp-json\/wp\/v2\/posts\/61210\/revisions"}],"predecessor-version":[{"id":61217,"href":"https:\/\/vinasfm.com\/noticias\/wp-json\/wp\/v2\/posts\/61210\/revisions\/61217"}],"wp:featuredmedia":[{"embeddable":true,"href":"https:\/\/vinasfm.com\/noticias\/wp-json\/wp\/v2\/media\/61216"}],"wp:attachment":[{"href":"https:\/\/vinasfm.com\/noticias\/wp-json\/wp\/v2\/media?parent=61210"}],"wp:term":[{"taxonomy":"category","embeddable":true,"href":"https:\/\/vinasfm.com\/noticias\/wp-json\/wp\/v2\/categories?post=61210"},{"taxonomy":"post_tag","embeddable":true,"href":"https:\/\/vinasfm.com\/noticias\/wp-json\/wp\/v2\/tags?post=61210"}],"curies":[{"name":"wp","href":"https:\/\/api.w.org\/{rel}","templated":true}]}}