{"id":61195,"date":"2019-11-06T06:21:10","date_gmt":"2019-11-06T09:21:10","guid":{"rendered":"http:\/\/vinasfm.com\/noticias\/?p=61195"},"modified":"2019-11-07T10:20:18","modified_gmt":"2019-11-07T13:20:18","slug":"el-caotico-juzgado-de-familia-de-general-alvear","status":"publish","type":"post","link":"https:\/\/vinasfm.com\/noticias\/el-caotico-juzgado-de-familia-de-general-alvear\/","title":{"rendered":"EL CA\u00d3TICO JUZGADO DE FAMILIA DE GENERAL ALVEAR"},"content":{"rendered":"<p><strong>Tras el malestar de varios abogados del sur mendocino que pusieron de manifiesto ante la delegaci\u00f3n de la Corte, acerca de supuestas irregularidades en el Juzgado de Familia de General Alvear, una investigaci\u00f3n pudo confirmar que en ese tribunal suceden hechos de una gravedad institucional inusitada, que coloca en riesgo los intereses de personas que litigan ante la magistrada Mar\u00eda In\u00e9s Fern\u00e1ndez.<\/strong><\/p>\n<p>Si bien la propia jueza ha denunciado hechos que endilga a subalternos suyos, la investigaci\u00f3n penal de los sucesos deja al descubierto al menos un descontrol o, lo que es peor, un manejo del tribunal plagado de sospechas, maniobras espurias, recelos laborales y filtraciones que perjudican a ciudadanos que tramitan causas all\u00ed.<\/p>\n<p>El suceso m\u00e1s llamativo que se ha dado en los \u00faltimos tiempos, revela peleas intestinas que descubren un clima enrarecido entre quienes forman parte del equipo auxiliar de Fern\u00e1ndez, y de ella misma con sus dirigidos.<\/p>\n<p>A la magistrada la conminaron telef\u00f3nicamente a tomar medidas de car\u00e1cter administrativo, primero, para un grave caso de revelaci\u00f3n de medidas decididas por la jueza que quedaron truncas al haberse filtrado la resoluci\u00f3n de Fern\u00e1ndez, antes de que pudiera concretarse por los oficiales de justicia.<\/p>\n<p>El caso en cuesti\u00f3n se dio en el marco de una demanda por cuota alimentaria que una ciudadana alvearense le inici\u00f3 a su ex pareja, tras haberse retirado de la casa ella, a pesar de ser la propietaria del inmueble.<\/p>\n<p>La juez hizo lugar a una serie de solicitudes de la actora, entre las que figuraban, la restituci\u00f3n de la propiedad y la exclusi\u00f3n del demandado.<\/p>\n<p>Todo se iba a hacer en forma simult\u00e1nea con un inventario que permitiera verificar los bienes muebles que hab\u00eda en esa casa al momento del cumplimiento de la orden de la jueza para que el demandado saliera de la propiedad.<\/p>\n<p>Sin embargo, al llegar los funcionarios judiciales a la casa, se encontraron con que ya no quedaba nada: ni el demandado estaba en el lugar, ni ning\u00fan mueble formaba parte ya del decorado hogare\u00f1o; apenas quedaba un calef\u00f3n, un equipo de m\u00fasica y un par de cortinas.<\/p>\n<p>Seg\u00fan denunci\u00f3 la jueza, apoyada en una muy oportuna como breve serie de mensajes v\u00eda WhatsApp entre la abogada del demandado y la prosecretaria del tribunal, Andrea Gonz\u00e1lez, supuestos anticipos por parte del Secretaria Laura Shmockel, un d\u00eda antes de las medidas a realizarse en la propiedad en cuesti\u00f3n, pudieron haber provocado el vaciamiento del inmueble.<\/p>\n<p>La jueza se basa en lo que le cuenta su prosecretaria Gonz\u00e1lez: que el abogado del hombre demandado se puso en contacto con ella por wspp pregunt\u00e1ndole \u00absi era cierto que\u00bb ese se\u00f1or \u00abiba a ser excluido del domicilio\u00bb.<\/p>\n<p>A lo que la prosecretaria respondi\u00f3 \u00abque no sab\u00eda\u00bb ya que esta fue \u00abapartada de la causa\u00bb en diciembre de 2018, por enemistad con la actora.<\/p>\n<p>Sin embargo, horas despu\u00e9s la abogada del demandado, volvi\u00f3 a comunicarse por la misma v\u00eda con la prosecretaria Gonz\u00e1lez, escribi\u00e9ndole: \u00abYa intervino Pili, apelar\u00e1. Y \u00e9l pela la casa\u00bb y que esa tal Pili \u00abhabl\u00f3 con alguien\u00bb, para enterarse de antemano de las medidas judiciales.<\/p>\n<p>Lo llamativo de esos mensajes es que la prosecretaria Gonz\u00e1lez, a quien la misma jueza hab\u00eda apartado de la causa el a\u00f1o anterior, estaba lo suficientemente informada del movimiento del expediente como para poder escribirle y asegurarle a la abogada del demandado \u00abmir\u00e1 que no hay nada notificado: ni abogados ni partes. Lo que sabe \u00e9l es por boca de la actora. Del Juzgado no sali\u00f3 nada\u00bb.<\/p>\n<p>Sorpresivamente, esos mensajes de WhatsApp revelan una supuesta confesi\u00f3n de la abogada del demandado: \u00abLaura le cont\u00f3 a Pili\u00bb; y abruptamente concluyen esas comunicaciones cuando la prosecretaria le pregunta \u00ab\u00bfC\u00f3mo que Laura le cont\u00f3 a Pili\u00bb.<\/p>\n<p>Esa Laura ser\u00eda Shmockel, la secretaria. Y esa es la prueba que apareci\u00f3 en el juzgado para que la magistrada pudiera reclamar en un escrito enviado el 20 de marzo al delegado de la Corte, Dar\u00edo Bermejo, solicitando \u00abiniciar formal sumario administrativo la Secretaria del Juzgado\u00bb.<\/p>\n<p>Al mismo tiempo, la jueza de familia reclam\u00f3 para con Shmockel \u00absu inmediata desafectaci\u00f3n como Secretaria de este Juzgado\u00bb.<\/p>\n<p>Mientras se analiza si esos mensajes son verdaderos, lo que llama la atenci\u00f3n de los investigadores es que la jueza hace rato que tiene problemas con su secretaria. Cosa que ella misma dej\u00f3 ver en el escrito del 26 de marzo pasado, enviado a Bermejo, donde hace una descripci\u00f3n descalificadora contra Shmockel.<\/p>\n<p>Frases tales como \u00abhe intentado por todos los medios llamar a la reflexi\u00f3n la Sra. Secretaria respecto a sus errores, marc\u00e1ndoles los mismos e inst\u00e1ndola a enmendarlos\u00bb.<\/p>\n<p>Tambi\u00e9n lleg\u00f3 a escribirle al delegado de la Corte que la secretaria \u00abha ido de mal en peor\u00bb y hasta dio a entender que Shmockel atiende \u00aba puertas cerradas a profesionales\u00bb y que le ha recordado que \u00abest\u00e1 prohibido el asesoramiento a particulares por parte de los funcionarios\u00bb, en lo que surgi\u00f3 como una imprecisa pero grave acusaci\u00f3n, sin revelar hechos concretos ni pruebas puntuales.<\/p>\n<p>Fern\u00e1ndez misma admite que todo esto genera un \u00abclima hostil en todo el personal del Juzgado\u00bb y que ella \u00abno lo puede dejar pasar por alto\u00bb.<\/p>\n<p>Todo esto lo describe la jueza con el agregado de endilgarle a su Secretario \u00abpalabras impertinentes y trato irrespetuoso\u00bb.<\/p>\n<p>Ciertamente, la beligerancia reinante en ese tribunal, ha generado sospechas en los que llevan adelante la investigaci\u00f3n penal, acerca de la verosimilitud e intenciones que subyacen en cada acusaci\u00f3n. Pero al mismo tiempo, tambi\u00e9n ha motivado una honda preocupaci\u00f3n en la Delegaci\u00f3n de la Corte, sobre cu\u00e1nto puede estar afectando todos estos encontronazos entre funcionarios que tienen a su cargo delicadas causas en un juzgado de familia.<\/p>\n<p>Las causas, tanto penal como administrativa, transitan por etapas avanzadas, por lo que se esperan novedades para los pr\u00f3ximos d\u00edas, mientras se verifica con todo ello, que lo denunciado por abogados que litigan en ese tribunal, no estar\u00eda alejado de la realidad.<\/p>\n<h5><strong><em>Fuente: Sitio Andino \/ A.C.<\/em><\/strong><\/h5>\n","protected":false},"excerpt":{"rendered":"<p>Tras el malestar de varios abogados del sur mendocino que pusieron de manifiesto ante la delegaci\u00f3n de la Corte, acerca de &#8230;<\/p>\n","protected":false},"author":7,"featured_media":50104,"comment_status":"open","ping_status":"open","sticky":false,"template":"","format":"standard","meta":{"footnotes":""},"categories":[5,22],"tags":[],"class_list":["post-61195","post","type-post","status-publish","format-standard","has-post-thumbnail","hentry","category-actualidad","category-justicia"],"_links":{"self":[{"href":"https:\/\/vinasfm.com\/noticias\/wp-json\/wp\/v2\/posts\/61195","targetHints":{"allow":["GET"]}}],"collection":[{"href":"https:\/\/vinasfm.com\/noticias\/wp-json\/wp\/v2\/posts"}],"about":[{"href":"https:\/\/vinasfm.com\/noticias\/wp-json\/wp\/v2\/types\/post"}],"author":[{"embeddable":true,"href":"https:\/\/vinasfm.com\/noticias\/wp-json\/wp\/v2\/users\/7"}],"replies":[{"embeddable":true,"href":"https:\/\/vinasfm.com\/noticias\/wp-json\/wp\/v2\/comments?post=61195"}],"version-history":[{"count":1,"href":"https:\/\/vinasfm.com\/noticias\/wp-json\/wp\/v2\/posts\/61195\/revisions"}],"predecessor-version":[{"id":61196,"href":"https:\/\/vinasfm.com\/noticias\/wp-json\/wp\/v2\/posts\/61195\/revisions\/61196"}],"wp:featuredmedia":[{"embeddable":true,"href":"https:\/\/vinasfm.com\/noticias\/wp-json\/wp\/v2\/media\/50104"}],"wp:attachment":[{"href":"https:\/\/vinasfm.com\/noticias\/wp-json\/wp\/v2\/media?parent=61195"}],"wp:term":[{"taxonomy":"category","embeddable":true,"href":"https:\/\/vinasfm.com\/noticias\/wp-json\/wp\/v2\/categories?post=61195"},{"taxonomy":"post_tag","embeddable":true,"href":"https:\/\/vinasfm.com\/noticias\/wp-json\/wp\/v2\/tags?post=61195"}],"curies":[{"name":"wp","href":"https:\/\/api.w.org\/{rel}","templated":true}]}}